{"id":54918,"date":"2016-05-05T11:14:21","date_gmt":"2016-05-05T14:14:21","guid":{"rendered":"http:\/\/prensa.mendoza.gov.ar\/?p=54918"},"modified":"2016-05-05T11:14:21","modified_gmt":"2016-05-05T14:14:21","slug":"ambiente-lanza-campana-preventiva-de-manejo-del-fuego","status":"publish","type":"post","link":"https:\/\/www.mendoza.gov.ar\/prensa\/ambiente-lanza-campana-preventiva-de-manejo-del-fuego\/","title":{"rendered":"Ambiente lanza campa\u00f1a preventiva de manejo del fuego"},"content":{"rendered":"<!DOCTYPE html PUBLIC \"-\/\/W3C\/\/DTD HTML 4.0 Transitional\/\/EN\" \"http:\/\/www.w3.org\/TR\/REC-html40\/loose.dtd\">\n<html><body><p>El&nbsp;Servicio Provincial de Manejo del Fuego, dependiente de la Secretar&iacute;a de Ambiente y Ordenamiento territorial, lanz&oacute; una campa&ntilde;a preventiva.<\/p>\n<p>Debido a este ciclo clim&aacute;tico h&uacute;medo que se registra en la regi&oacute;n que produce un incremento de la vegetaci&oacute;n, se establecer&aacute;n condiciones que implicar&aacute;n un mayor riesgo de incendios. Por eso, la Direcci&oacute;n de Recursos Naturales Renovables solicita la colaboraci&oacute;n de la poblaci&oacute;n a trav&eacute;s de dos medidas esenciales:<\/p>\n<ul>\n<li>Dar aviso cuando se vea encendido de fogatas en descampados, terrenos bald&iacute;os o zonas forestales.<\/li>\n<li>Desmalezar los cierres perimetrales de terrenos grandes o rurales, como medida cortafuego.<\/li>\n<li>No encender fogatas en zonas no habilitadas para hacerlo.<\/li>\n<\/ul>\n<p>Hoy, la provincia cuenta con la protecci&oacute;n del Servicio Provincial de Manejo del Fuego, integrado por un grupo de cerca de 40 brigadistas y est&aacute; equipado con un avi&oacute;n hidrante y 5 veh&iacute;culos todo terreno.<\/p>\n<p>Adem&aacute;s de su accionar en casos de siniestros, el equipo de brigadistas, peri&oacute;dicamente, realiza labores preventivas a trav&eacute;s de charlas educativas, tanto para p&uacute;blico en general como para otros organismos vinculados, como bomberos o polic&iacute;a.<\/p>\n<p>La campa&ntilde;a de concientizaci&oacute;n incluir&aacute; acciones educativas y difusi&oacute;n masivas, con mensajes tendientes a generar h&aacute;bitos de m&aacute;ximo cuidado de manejo del fuego por parte de la ciudadan&iacute;a en espacios p&uacute;blicos, lugares y modos de hacerlo, adem&aacute;s de desalentar pr&aacute;cticas muy arraigadas pero peligrosas como la quema de ramas, pastizales y hojas secas.<\/p>\n<\/body><\/html>\n","protected":false},"excerpt":{"rendered":"La Secretar\u00eda de Ambiente lanz\u00f3 la campa\u00f1a del Servicio Provincial de Manejo del Fuego, centrada en la prevenci\u00f3n y la toma de conciencia por parte de la poblaci\u00f3n.","protected":false},"author":3,"featured_media":54921,"comment_status":"open","ping_status":"open","sticky":false,"template":"","format":"standard","meta":[],"categories":[3],"tags":[],"_links":{"self":[{"href":"https:\/\/www.mendoza.gov.ar\/prensa\/wp-json\/wp\/v2\/posts\/54918"}],"collection":[{"href":"https:\/\/www.mendoza.gov.ar\/prensa\/wp-json\/wp\/v2\/posts"}],"about":[{"href":"https:\/\/www.mendoza.gov.ar\/prensa\/wp-json\/wp\/v2\/types\/post"}],"author":[{"embeddable":true,"href":"https:\/\/www.mendoza.gov.ar\/prensa\/wp-json\/wp\/v2\/users\/3"}],"replies":[{"embeddable":true,"href":"https:\/\/www.mendoza.gov.ar\/prensa\/wp-json\/wp\/v2\/comments?post=54918"}],"version-history":[{"count":0,"href":"https:\/\/www.mendoza.gov.ar\/prensa\/wp-json\/wp\/v2\/posts\/54918\/revisions"}],"wp:featuredmedia":[{"embeddable":true,"href":"https:\/\/www.mendoza.gov.ar\/prensa\/wp-json\/wp\/v2\/media\/54921"}],"wp:attachment":[{"href":"https:\/\/www.mendoza.gov.ar\/prensa\/wp-json\/wp\/v2\/media?parent=54918"}],"wp:term":[{"taxonomy":"category","embeddable":true,"href":"https:\/\/www.mendoza.gov.ar\/prensa\/wp-json\/wp\/v2\/categories?post=54918"},{"taxonomy":"post_tag","embeddable":true,"href":"https:\/\/www.mendoza.gov.ar\/prensa\/wp-json\/wp\/v2\/tags?post=54918"}],"curies":[{"name":"wp","href":"https:\/\/api.w.org\/{rel}","templated":true}]}}