{"id":54923,"date":"2016-05-05T12:12:21","date_gmt":"2016-05-05T15:12:21","guid":{"rendered":"http:\/\/prensa.mendoza.gov.ar\/?p=54923"},"modified":"2016-05-05T12:12:21","modified_gmt":"2016-05-05T15:12:21","slug":"mingorance-participo-de-la-xiii-asamblea-ordinaria-del-cofeplan-en-nacion","status":"publish","type":"post","link":"https:\/\/www.mendoza.gov.ar\/prensa\/mingorance-participo-de-la-xiii-asamblea-ordinaria-del-cofeplan-en-nacion\/","title":{"rendered":"Mingorance particip\u00f3 en la XIII Asamblea Ordinaria del Cofeplan en Naci\u00f3n"},"content":{"rendered":"<!DOCTYPE html PUBLIC \"-\/\/W3C\/\/DTD HTML 4.0 Transitional\/\/EN\" \"http:\/\/www.w3.org\/TR\/REC-html40\/loose.dtd\">\n<html><body><p>El secreatario de Ambiente, Humberto Mingorance, particip&oacute; en la Casa Rosada en la XIII Asamblea Ordinaria del Consejo Federal de Planificaci&oacute;n, en el &aacute;mbito del Ministerio&nbsp;del Interior, Obras P&uacute;blicas y Vivienda, que preside Rogelio Frigerio.<\/p>\n<p>El Consejo Federal de Planificaci&oacute;n (Cofeplan) es el &aacute;mbito de encuentro que las jurisdicciones provinciales y el Gobierno Nacional han creado para participar en la planificaci&oacute;n y la articulaci&oacute;n de pol&iacute;ticas de desarrollo territorial. Tiene entre sus objetivos garantizar la continuidad de la planificaci&oacute;n, colaborar en el fortalecimiento institucional de las &aacute;reas de planificaci&oacute;n y promover la difusi&oacute;n de la cuesti&oacute;n relativa a la planificaci&oacute;n, facilitando el conocimiento y la participaci&oacute;n.<\/p>\n<p>El desaf&iacute;o para esta nueva etapa es que la planificaci&oacute;n sea parte integral del sistema de toma de decisiones que va desde la identificaci&oacute;n de las problem&aacute;ticas a la definici&oacute;n de los programas y proyectos, hasta las obras y que finaliza con la mejora de la calidad de vida de los argentinos.<\/p>\n<p>El presidente de la Naci&oacute;n fij&oacute; tres ejes para centrales de gesti&oacute;n: pobreza cero, fin del narcotr&aacute;fico y uni&oacute;n de los argentinos, para lo cual la misi&oacute;n de la planificaci&oacute;n se basa en el incremento de la competitividad econ&oacute;mica y la mejora de la calidad de vida local, teniendo en cuenta los principios de sustentabilidad ambiental, gesti&oacute;n del riesgo, gobernabilidad y participaci&oacute;n.<\/p>\n<p>En este marco, la planificaci&oacute;n territorial como herramienta de Estado tiene el valor de realizar aportes fundamentales a las decisiones p&uacute;blicas, a partir de la visi&oacute;n integradora del territorio, de la sinergia del esfuerzo colectivo y de la complejidad de las problem&aacute;ticas de escalas diversas.<\/p>\n<p>La apertura de la asamblea se realiz&oacute; en la Casa Rosada y estuvo a cargo del subsecretario de Planificaci&oacute;n Territorial de la Inversi&oacute;n P&uacute;blica, Fernando &Aacute;lvarez de Celis, en su car&aacute;cter de secretario permanente del consejo. Lo acompa&ntilde;aron el secretario de Obras P&uacute;blicas, Daniel Chain; el subsecretario de Desarrollo Urbano y Vivienda, Iv&aacute;n Kerr, ambos del Ministerio del Interior, Obras P&uacute;blicas y Vivienda.<\/p>\n<p>Hubo exposiciones de los funcionarios de las provincias de Neuqu&eacute;n, San Juan, Mendoza y Jujuy, quienes adem&aacute;s de celebrar el encuentro expusieron el estado de la planificaci&oacute;n de sus territorios y las principales problem&aacute;ticas que enfrentan.<\/p>\n<p>Finalmente, la Asamblea deliber&oacute; sobre el plan de trabajo del presente a&ntilde;o donde se acord&oacute; actualizar los planes estrat&eacute;gicos provinciales, revisar el Anteproyecto de Ley de Ordenamiento Territorial y la estrategia de implementaci&oacute;n, proponer un plan de capacitaci&oacute;n, continuar con una segunda fase del estudio de Argentina Urbana y brindar aportes al Estudio sobre los complejos productivos y territorio en la Argentina, realizado por CEPAL&nbsp;y la Subsecretar&iacute;a.<\/p>\n<\/body><\/html>\n","protected":false},"excerpt":{"rendered":"Participaron del Consejo Federal de Planificaci\u00f3n las autoridades de las provincias y de la Ciudad Aut\u00f3noma de Buenos Aires que integran este espacio federal presidido por el Ministro del Interior, Obras P\u00fablicas y Vivienda, Rogelio Frigerio.","protected":false},"author":3,"featured_media":54924,"comment_status":"open","ping_status":"open","sticky":false,"template":"","format":"standard","meta":[],"categories":[3],"tags":[],"_links":{"self":[{"href":"https:\/\/www.mendoza.gov.ar\/prensa\/wp-json\/wp\/v2\/posts\/54923"}],"collection":[{"href":"https:\/\/www.mendoza.gov.ar\/prensa\/wp-json\/wp\/v2\/posts"}],"about":[{"href":"https:\/\/www.mendoza.gov.ar\/prensa\/wp-json\/wp\/v2\/types\/post"}],"author":[{"embeddable":true,"href":"https:\/\/www.mendoza.gov.ar\/prensa\/wp-json\/wp\/v2\/users\/3"}],"replies":[{"embeddable":true,"href":"https:\/\/www.mendoza.gov.ar\/prensa\/wp-json\/wp\/v2\/comments?post=54923"}],"version-history":[{"count":0,"href":"https:\/\/www.mendoza.gov.ar\/prensa\/wp-json\/wp\/v2\/posts\/54923\/revisions"}],"wp:featuredmedia":[{"embeddable":true,"href":"https:\/\/www.mendoza.gov.ar\/prensa\/wp-json\/wp\/v2\/media\/54924"}],"wp:attachment":[{"href":"https:\/\/www.mendoza.gov.ar\/prensa\/wp-json\/wp\/v2\/media?parent=54923"}],"wp:term":[{"taxonomy":"category","embeddable":true,"href":"https:\/\/www.mendoza.gov.ar\/prensa\/wp-json\/wp\/v2\/categories?post=54923"},{"taxonomy":"post_tag","embeddable":true,"href":"https:\/\/www.mendoza.gov.ar\/prensa\/wp-json\/wp\/v2\/tags?post=54923"}],"curies":[{"name":"wp","href":"https:\/\/api.w.org\/{rel}","templated":true}]}}