{"id":54994,"date":"2016-05-05T20:10:37","date_gmt":"2016-05-05T23:10:37","guid":{"rendered":"http:\/\/prensa.mendoza.gov.ar\/?p=54994"},"modified":"2016-05-05T20:10:37","modified_gmt":"2016-05-05T23:10:37","slug":"se-realizaron-degustaciones-de-productos-para-celiacos-en-el-mercado-de-la-terminal","status":"publish","type":"post","link":"https:\/\/www.mendoza.gov.ar\/prensa\/se-realizaron-degustaciones-de-productos-para-celiacos-en-el-mercado-de-la-terminal\/","title":{"rendered":"Se realizaron degustaciones de productos para cel\u00edacos en el Mercado de la Terminal"},"content":{"rendered":"<!DOCTYPE html PUBLIC \"-\/\/W3C\/\/DTD HTML 4.0 Transitional\/\/EN\" \"http:\/\/www.w3.org\/TR\/REC-html40\/loose.dtd\">\n<html><body><p>La capacitaci&oacute;n se realiz&oacute; en el Mercado de los Productores en Terminal de &Oacute;mnibus como parte de la agenda de eventos que impulsa el establecimiento y en raz&oacute;n de conmemorarse hoy (5 de mayo) el D&iacute;a Internacional del Cel&iacute;aco.<\/p>\n<p>&ldquo;Un cel&iacute;aco puede comer alimentos saludables y tambi&eacute;n ricos, por eso ofrecemos estas actividades que incluyen asesoramiento nutricional y degustaci&oacute;n de productos preparados con ingredientes libres de TACC (trigo, avena, cebada, centeno). As&iacute; lo se&ntilde;al&oacute; la emprendedora Silvina Lucero, nutricionista y due&ntilde;a de un establecimiento que fabrica y vende alimentos para personas que sufren intolerancia&nbsp;al gluten.<\/p>\n<p>Los s&iacute;ntomas a tener en cuenta para una detecci&oacute;n r&aacute;pida del problema, la dieta a seguir, los cuidados que deben adoptarse al momento de cocinar y los alimentos libres de gluten fueron algunas de las preguntas que realizaron los interesados que se acercaron a la charla.<\/p>\n<p>F&aacute;tima Ghazoul, asesora nutricional de &ldquo;365 Tentaciones&rdquo;, programa de promoci&oacute;n del Ministerio de Econom&iacute;a e integrante del departamento de Educaci&oacute;n de la Salud, destac&oacute; que &ldquo;una vez detectada la enfermedad el &uacute;nico tratamiento es el nutricional, por eso es importante aprender a elaborar comidas variadas y ricas&rdquo;.&nbsp;Explic&oacute; que las frutas y verduras, al igual que las carnes, pueden ser consumidas sin ning&uacute;n inconveniente lo que implica una buena base para una alimentaci&oacute;n saludable.<\/p>\n<p>Por su parte, Adriana Mu&ntilde;iz, de &ldquo;365 Tentaciones&rdquo; se&ntilde;al&oacute;: &ldquo;en el Mercado de Terminal pueden conseguirse, a muy buenos precios, una variada oferta de productos para cel&iacute;acos que incluye panificaci&oacute;n, reposter&iacute;a y comidas listas para consumir, como por ejemplo panes rebanados, de hamburguesa, de pancho, de lomo, pizzetas, alfajores, tortas, tartas saladas, canelones, entre otros.<\/p>\n<p>En este sentido, en el Mercado de la Terminal se continuar&aacute; con el desarrollo de estas actividades de promoci&oacute;n y se comenzar&aacute; con las clases de cocina que han sido tradicionales en el establecimiento.<\/p>\n<p><strong>Recetas para cel&iacute;acos<\/strong><\/p>\n<p><strong>Bud&iacute;n de nueces<\/strong><\/p>\n<p><strong>Ingredientes:<\/strong><\/p>\n<ul>\n<li>120gr. manteca<\/li>\n<li>200gr. az&uacute;car impalpable<\/li>\n<li>3 huevos<\/li>\n<li>200 gr. mezcla de las 3 harinas s\/TACC<\/li>\n<li>1 cucharadita (t&eacute;) polvo de hornear<\/li>\n<li>1 cucharada (sopera) esencia de vainilla<\/li>\n<\/ul>\n<p><strong>Preparaci&oacute;n: <\/strong>Poner en un bowls la manteca a punto pomada (crema). Agregar la mitad del az&uacute;car luego las 3 yemas y 2 claras junto con la vainilla. Batir muy bien y luego agregar el resto del az&uacute;car y continuar batiendo. Agregar la harina s\/TACC con el polvo de hornear tamizado. Batir la clara restante a punto nieve y agregar a la mezcla removiendo suavemente. Agregar las nueces a gusto. Colocar en molde en mantecado en horno moderado durante unos 30 minutos.<\/p>\n<p><strong>Pizza de verduras<\/strong><\/p>\n<p><strong>Ingredientes:<\/strong><\/p>\n<p><strong>Masa:<\/strong><\/p>\n<ul>\n<li>50 grs. de levadura fresca,<\/li>\n<li>300 cc. de leche tibia,<\/li>\n<li>1 cda. de sal,<\/li>\n<li>100 grs. de manteca,<\/li>\n<li>500 grs. de mezcla de 3 harinas s\/TACC<\/li>\n<\/ul>\n<p><strong>Relleno:<\/strong><\/p>\n<ul>\n<li>c\/n de salsa de tomate,<\/li>\n<li>2 atados de espinaca,<\/li>\n<li>1 taza de salsa blanca,<\/li>\n<li>2 dientes de ajo,<\/li>\n<li>200 grs. de muzzarella picada<\/li>\n<\/ul>\n<p><strong>Preparaci&oacute;n:<\/strong><\/p>\n<p>Licuar la levadura, la sal, el az&uacute;car y la leche tibia; agregar la mitad de la harina y seguir licuando unos segundos, incorporar el resto de la harina y revolver con una cuchara de madera. Extender la masa en una pizzera aceitada, tapar con un nylon o repasador y dejar leudar. Colocar la salsa de tomate y hornear durante 10 minutos. Cocinar la espinaca, exprimirla y picarla, mezclarla con la salsa blanca y el ajo picado. Cubrir la pizza precocida con la preparaci&oacute;n de espinaca y colocar la muzzarella picada encima. Hornear nuevamente hasta que el queso se derrita.<\/p>\n<\/body><\/html>\n","protected":false},"excerpt":{"rendered":"El Ministerio de Econom\u00eda, Infraestructura y Energ\u00eda se sum\u00f3 al D\u00eda Mundial de la Celiaqu\u00eda y promovi\u00f3 el consumo de productos locales.","protected":false},"author":3,"featured_media":55040,"comment_status":"open","ping_status":"open","sticky":false,"template":"","format":"standard","meta":[],"categories":[1],"tags":[],"_links":{"self":[{"href":"https:\/\/www.mendoza.gov.ar\/prensa\/wp-json\/wp\/v2\/posts\/54994"}],"collection":[{"href":"https:\/\/www.mendoza.gov.ar\/prensa\/wp-json\/wp\/v2\/posts"}],"about":[{"href":"https:\/\/www.mendoza.gov.ar\/prensa\/wp-json\/wp\/v2\/types\/post"}],"author":[{"embeddable":true,"href":"https:\/\/www.mendoza.gov.ar\/prensa\/wp-json\/wp\/v2\/users\/3"}],"replies":[{"embeddable":true,"href":"https:\/\/www.mendoza.gov.ar\/prensa\/wp-json\/wp\/v2\/comments?post=54994"}],"version-history":[{"count":0,"href":"https:\/\/www.mendoza.gov.ar\/prensa\/wp-json\/wp\/v2\/posts\/54994\/revisions"}],"wp:featuredmedia":[{"embeddable":true,"href":"https:\/\/www.mendoza.gov.ar\/prensa\/wp-json\/wp\/v2\/media\/55040"}],"wp:attachment":[{"href":"https:\/\/www.mendoza.gov.ar\/prensa\/wp-json\/wp\/v2\/media?parent=54994"}],"wp:term":[{"taxonomy":"category","embeddable":true,"href":"https:\/\/www.mendoza.gov.ar\/prensa\/wp-json\/wp\/v2\/categories?post=54994"},{"taxonomy":"post_tag","embeddable":true,"href":"https:\/\/www.mendoza.gov.ar\/prensa\/wp-json\/wp\/v2\/tags?post=54994"}],"curies":[{"name":"wp","href":"https:\/\/api.w.org\/{rel}","templated":true}]}}