{"id":55000,"date":"2016-05-06T07:00:16","date_gmt":"2016-05-06T10:00:16","guid":{"rendered":"http:\/\/prensa.mendoza.gov.ar\/?p=55000"},"modified":"2016-05-06T07:00:16","modified_gmt":"2016-05-06T10:00:16","slug":"el-oso-polar-arturo-sera-tratado-por-su-delicado-estado-de-salud","status":"publish","type":"post","link":"https:\/\/www.mendoza.gov.ar\/prensa\/el-oso-polar-arturo-sera-tratado-por-su-delicado-estado-de-salud\/","title":{"rendered":"El oso polar Arturo ser\u00e1 tratado por su delicado estado de salud"},"content":{"rendered":"<!DOCTYPE html PUBLIC \"-\/\/W3C\/\/DTD HTML 4.0 Transitional\/\/EN\" \"http:\/\/www.w3.org\/TR\/REC-html40\/loose.dtd\">\n<html><body><p>El cuerpo m&eacute;dico veterinario del Zool&oacute;gico de la provincia comunic&oacute; que el oso polar Arturo ha mostrado&nbsp;signos de decaimiento en los &uacute;ltimos d&iacute;as, manifestando disminuci&oacute;n en su&nbsp;actividad f&iacute;sica y apetito.<\/p>\n<p>El equipo m&eacute;dico veterinario y de cuidadores est&aacute; monitore&aacute;ndolo&nbsp;constantemente para evaluar su estado, evoluci&oacute;n y posibles causantes de&nbsp;su actual situaci&oacute;n cl&iacute;nica. Se est&aacute;n tomando todas&nbsp;las medidas terap&eacute;uticas necesarias para que se recupere a la brevedad.&nbsp;Arturo es un animal geronte y como tal, cualquier alteraci&oacute;n que se&nbsp;presente requiere de m&aacute;xima atenci&oacute;n.<\/p>\n<p>Por esta raz&oacute;n, hoy se brindar&aacute; una conferencia de prensa en el Zool&oacute;gico provincial a las 9, con el fin de informar sobre el cuadro cl&iacute;nico del animal. Participar&aacute;n la directora del paseo, Mariana Caram, y la jefa del Cuerpo M&eacute;dico Veterinario, Anal&iacute;a Pedroza.<\/p>\n<\/body><\/html>\n","protected":false},"excerpt":{"rendered":"As\u00ed lo inform\u00f3 la Direcci\u00f3n del Zool\u00f3gico de Mendoza a trav\u00e9s de la Secretar\u00eda de Ambiente y Ordenamiento Territorial. A las 9 se brindar\u00e1 una conferencia de prensa en la puerta del paseo.","protected":false},"author":3,"featured_media":55001,"comment_status":"open","ping_status":"open","sticky":false,"template":"","format":"standard","meta":[],"categories":[3],"tags":[],"_links":{"self":[{"href":"https:\/\/www.mendoza.gov.ar\/prensa\/wp-json\/wp\/v2\/posts\/55000"}],"collection":[{"href":"https:\/\/www.mendoza.gov.ar\/prensa\/wp-json\/wp\/v2\/posts"}],"about":[{"href":"https:\/\/www.mendoza.gov.ar\/prensa\/wp-json\/wp\/v2\/types\/post"}],"author":[{"embeddable":true,"href":"https:\/\/www.mendoza.gov.ar\/prensa\/wp-json\/wp\/v2\/users\/3"}],"replies":[{"embeddable":true,"href":"https:\/\/www.mendoza.gov.ar\/prensa\/wp-json\/wp\/v2\/comments?post=55000"}],"version-history":[{"count":0,"href":"https:\/\/www.mendoza.gov.ar\/prensa\/wp-json\/wp\/v2\/posts\/55000\/revisions"}],"wp:featuredmedia":[{"embeddable":true,"href":"https:\/\/www.mendoza.gov.ar\/prensa\/wp-json\/wp\/v2\/media\/55001"}],"wp:attachment":[{"href":"https:\/\/www.mendoza.gov.ar\/prensa\/wp-json\/wp\/v2\/media?parent=55000"}],"wp:term":[{"taxonomy":"category","embeddable":true,"href":"https:\/\/www.mendoza.gov.ar\/prensa\/wp-json\/wp\/v2\/categories?post=55000"},{"taxonomy":"post_tag","embeddable":true,"href":"https:\/\/www.mendoza.gov.ar\/prensa\/wp-json\/wp\/v2\/tags?post=55000"}],"curies":[{"name":"wp","href":"https:\/\/api.w.org\/{rel}","templated":true}]}}