{"id":55059,"date":"2016-05-06T12:04:50","date_gmt":"2016-05-06T15:04:50","guid":{"rendered":"http:\/\/prensa.mendoza.gov.ar\/?p=55059"},"modified":"2016-05-06T12:04:50","modified_gmt":"2016-05-06T15:04:50","slug":"riego-agricola-el-gobierno-realiza-gestiones-en-nacion-para-subsidiar-la-tarifa-electrica","status":"publish","type":"post","link":"https:\/\/www.mendoza.gov.ar\/prensa\/riego-agricola-el-gobierno-realiza-gestiones-en-nacion-para-subsidiar-la-tarifa-electrica\/","title":{"rendered":"Riego agr\u00edcola: el Gobierno realiza gestiones en Naci\u00f3n para subsidiar la tarifa el\u00e9ctrica"},"content":{"rendered":"<!DOCTYPE html PUBLIC \"-\/\/W3C\/\/DTD HTML 4.0 Transitional\/\/EN\" \"http:\/\/www.w3.org\/TR\/REC-html40\/loose.dtd\">\n<html><body><div>El Ministerio de Econom&iacute;a, Infraestructura y Energ&iacute;a de la provincia realiza gestiones ante al Gobierno nacional para que se considere la situaci&oacute;n que afecta a los productores de Mendoza tras el aumento de la tarifa el&eacute;ctrica para riego agr&iacute;cola.<\/div>\n<div><\/div>\n<div>Seg&uacute;n consta en la base de datos del Departamento General de Irrigaci&oacute;n, el registro catastral tiene 9.394 inscriptos, de los cuales aproximadamente la mitad son productores agr&iacute;colas.<\/div>\n<div><\/div>\n<div>Tras realizar una evaluaci&oacute;n del impacto anualizado por el aumento de la electricidad, comenzaron las gestiones administrativas en los ministerios de Energ&iacute;a y de Agroindustria que comandan Juan Jos&eacute; Aranguren y Ricardo Buryaile respectivamente, para subsidiar a peque&ntilde;os y medianos productores de la provincia que son los m&aacute;s afectados por la medida.<\/div>\n<div><\/div>\n<div>&ldquo;El problema es que cuando la Naci&oacute;n mira a todo el pa&iacute;s, los &uacute;nicos que tienen muchos pozos agr&iacute;colas son Mendoza y La Rioja. Son las dos provincias que reclaman frente al resto. En este esquema es que hemos hecho el reclamo&rdquo;, coment&oacute; Alfredo Aciar, subsecretario de Agricultura y Ganader&iacute;a.<\/div>\n<div><\/div>\n<div>Sin embargo, la faz positiva de la situaci&oacute;n es que &ldquo;si se toma en cuenta a los productores que viven de sus fincas, el impacto presupuestario rondar&iacute;a los $50 millones, que es un n&uacute;mero bastante manejable para Naci&oacute;n, dado que los subsidios que se est&aacute;n otorgando a las electrointensivas son millonarios&rdquo;, consider&oacute; el funcionario.<\/div>\n<\/body><\/html>\n","protected":false},"excerpt":{"rendered":"En Mendoza, alrededor de 5.000 productores son los m\u00e1s afectados por el incremento del precio de la energ\u00eda. \u00a0\u00a0","protected":false},"author":3,"featured_media":55061,"comment_status":"open","ping_status":"open","sticky":false,"template":"","format":"standard","meta":[],"categories":[1],"tags":[],"_links":{"self":[{"href":"https:\/\/www.mendoza.gov.ar\/prensa\/wp-json\/wp\/v2\/posts\/55059"}],"collection":[{"href":"https:\/\/www.mendoza.gov.ar\/prensa\/wp-json\/wp\/v2\/posts"}],"about":[{"href":"https:\/\/www.mendoza.gov.ar\/prensa\/wp-json\/wp\/v2\/types\/post"}],"author":[{"embeddable":true,"href":"https:\/\/www.mendoza.gov.ar\/prensa\/wp-json\/wp\/v2\/users\/3"}],"replies":[{"embeddable":true,"href":"https:\/\/www.mendoza.gov.ar\/prensa\/wp-json\/wp\/v2\/comments?post=55059"}],"version-history":[{"count":0,"href":"https:\/\/www.mendoza.gov.ar\/prensa\/wp-json\/wp\/v2\/posts\/55059\/revisions"}],"wp:featuredmedia":[{"embeddable":true,"href":"https:\/\/www.mendoza.gov.ar\/prensa\/wp-json\/wp\/v2\/media\/55061"}],"wp:attachment":[{"href":"https:\/\/www.mendoza.gov.ar\/prensa\/wp-json\/wp\/v2\/media?parent=55059"}],"wp:term":[{"taxonomy":"category","embeddable":true,"href":"https:\/\/www.mendoza.gov.ar\/prensa\/wp-json\/wp\/v2\/categories?post=55059"},{"taxonomy":"post_tag","embeddable":true,"href":"https:\/\/www.mendoza.gov.ar\/prensa\/wp-json\/wp\/v2\/tags?post=55059"}],"curies":[{"name":"wp","href":"https:\/\/api.w.org\/{rel}","templated":true}]}}