{"id":55101,"date":"2016-05-06T15:33:14","date_gmt":"2016-05-06T18:33:14","guid":{"rendered":"http:\/\/prensa.mendoza.gov.ar\/?p=55101"},"modified":"2016-05-06T15:33:14","modified_gmt":"2016-05-06T18:33:14","slug":"seis-guanacos-fueron-secuestrados-en-un-operativo-de-caza-por-guardaparques","status":"publish","type":"post","link":"https:\/\/www.mendoza.gov.ar\/prensa\/seis-guanacos-fueron-secuestrados-en-un-operativo-de-caza-por-guardaparques\/","title":{"rendered":"Decomisan seis guanacos en operativo contra la caza ilegal"},"content":{"rendered":"<!DOCTYPE html PUBLIC \"-\/\/W3C\/\/DTD HTML 4.0 Transitional\/\/EN\" \"http:\/\/www.w3.org\/TR\/REC-html40\/loose.dtd\">\n<html><body><p>Personal de la Direcci&oacute;n de Recursos Naturales y de la Polic&iacute;a Rural decomis&oacute; seis guanacos faenados. El operativo se concret&oacute; en la ruta 13. Adem&aacute;s, se les secuestraron a los cazadores furtivos dos rifles&nbsp;calibre 22, municiones y otros&nbsp;elementos de caza.<\/p>\n<p>La carne de guanaco es comercializada por estos cazadores en varias&nbsp;zonas de Las Heras y tambi&eacute;n es&nbsp;utilizada para hacer embutidos. Hay que tener en cuenta que&nbsp;consumir&nbsp;este tipo de carne supone&nbsp;serios riesgos de contraer distintas enfermedades que portan estos animales, como la triquinosis, que tambi&eacute;n puede encontrarse en la carne de cerdo criado en chiqueros clandestinos.<\/p>\n<p>En el procedimiento se recuperaron alrededor de 500 kilos de carne que iba a ser comercializada para consumo humano.<\/p>\n<p>Producto de este operativo quedaron demoradas tres personas en la Comisar&iacute;a 16 de Las Heras. Est&aacute;n a&nbsp;disposici&oacute;n de la Oficina Fiscal 16 del mismo municipio.<\/p>\n<p><a href=\"https:\/\/www.mendoza.gov.ar\/prensa\/wp-content\/uploads\/sites\/23\/DSC_3127.jpg\"><img loading=\"lazy\" class=\"alignnone wp-image-55106 img-responsive center-block\" src=\"https:\/\/www.mendoza.gov.ar\/prensa\/wp-content\/uploads\/sites\/23\/DSC_3127.jpg\" alt=\"\" width=\"650\" height=\"434\"><\/a><\/p>\n<p><strong>Penas de hasta 6 a&ntilde;os<\/strong><\/p>\n<p>La pena por practicar este tipo de actividades ilegales ronda entre los 6 meses y los 3 a&ntilde;os de prisi&oacute;n. Adem&aacute;s, sanciones monetarias que son dictaminadas por la Direcci&oacute;n de Recursos Naturales.<\/p>\n<p>Las armas, a pesar de contar con los permisos correspondientes de RENAR para su tenencia, fueron secuestradas, ya que fueron utilizadas para cometer el delito.<\/p>\n<p>Este operativo se realiz&oacute; con informaci&oacute;n y denuncias aportadas por an&oacute;nimos.<\/p>\n<p>Se recuerda a&nbsp;la poblaci&oacute;n que las denuncias se pueden realizar a trav&eacute;s de la p&aacute;gina de la <a href=\"https:\/\/www.mendoza.gov.ar\/ambiente\/consulta\/\" target=\"_blank\">Secretaria de Ambiente<\/a>&nbsp;o llamando a los tel&eacute;fonos 4252090 y&nbsp;4257065 (int 23).<\/p>\n<\/body><\/html>\n","protected":false},"excerpt":{"rendered":"La labor estuvo a cargo de la Direcci\u00f3n de Recursos Naturales y la Polic\u00eda Rural. Hay tres detenidos. Denuncias por caza ilegal, a los tel\u00e9fonos 4252090 y 4257065 (interno 23).","protected":false},"author":3,"featured_media":55105,"comment_status":"open","ping_status":"open","sticky":false,"template":"","format":"standard","meta":[],"categories":[3],"tags":[],"_links":{"self":[{"href":"https:\/\/www.mendoza.gov.ar\/prensa\/wp-json\/wp\/v2\/posts\/55101"}],"collection":[{"href":"https:\/\/www.mendoza.gov.ar\/prensa\/wp-json\/wp\/v2\/posts"}],"about":[{"href":"https:\/\/www.mendoza.gov.ar\/prensa\/wp-json\/wp\/v2\/types\/post"}],"author":[{"embeddable":true,"href":"https:\/\/www.mendoza.gov.ar\/prensa\/wp-json\/wp\/v2\/users\/3"}],"replies":[{"embeddable":true,"href":"https:\/\/www.mendoza.gov.ar\/prensa\/wp-json\/wp\/v2\/comments?post=55101"}],"version-history":[{"count":0,"href":"https:\/\/www.mendoza.gov.ar\/prensa\/wp-json\/wp\/v2\/posts\/55101\/revisions"}],"wp:featuredmedia":[{"embeddable":true,"href":"https:\/\/www.mendoza.gov.ar\/prensa\/wp-json\/wp\/v2\/media\/55105"}],"wp:attachment":[{"href":"https:\/\/www.mendoza.gov.ar\/prensa\/wp-json\/wp\/v2\/media?parent=55101"}],"wp:term":[{"taxonomy":"category","embeddable":true,"href":"https:\/\/www.mendoza.gov.ar\/prensa\/wp-json\/wp\/v2\/categories?post=55101"},{"taxonomy":"post_tag","embeddable":true,"href":"https:\/\/www.mendoza.gov.ar\/prensa\/wp-json\/wp\/v2\/tags?post=55101"}],"curies":[{"name":"wp","href":"https:\/\/api.w.org\/{rel}","templated":true}]}}