{"id":55172,"date":"2016-05-07T14:14:12","date_gmt":"2016-05-07T17:14:12","guid":{"rendered":"http:\/\/prensa.mendoza.gov.ar\/?p=55172"},"modified":"2016-05-07T14:14:12","modified_gmt":"2016-05-07T17:14:12","slug":"el-gobernador-habilito-obras-viales-en-alvear","status":"publish","type":"post","link":"https:\/\/www.mendoza.gov.ar\/prensa\/el-gobernador-habilito-obras-viales-en-alvear\/","title":{"rendered":"El Gobernador habilit\u00f3 obras viales en General Alvear"},"content":{"rendered":"<!DOCTYPE html PUBLIC \"-\/\/W3C\/\/DTD HTML 4.0 Transitional\/\/EN\" \"http:\/\/www.w3.org\/TR\/REC-html40\/loose.dtd\">\n<html><body><p>Antes de llegar al predio donde se realiza la Fiesta de la Ganader&iacute;a, el Gobernador Alfredo Cornejo habilit&oacute; un paquete de obras cuya arteria principal es la emblem&aacute;tica zona de 5 Esquinas. El proyecto se realiz&oacute; en tan s&oacute;lo cuatro&nbsp;meses en conjunto con la Direcci&oacute;n Provincial de Vialidad y la Municipalidad de General Alvear.<\/p>\n<p>Acompa&ntilde;ado por la vicegobernadora, Laura Montero, y por el intendente de General Alvear Walther Marcolini, habilitaron la reconstrucci&oacute;n de la Ruta Provincial 212 (Calle Centenario), de la calle 7 (la Marzolina) &nbsp;y de la calle 7 intersecci&oacute;n Pellegrini. Las obras son las que confluyen en 5 Esquinas<strong>.<\/strong><\/p>\n<p>Se trata de un paquete de obras viales con una longitud de 8 kil&oacute;metros&nbsp;y cuyo monto de inversi&oacute;n asciende a $25.335.000. &ldquo;Es una obra que se inici&oacute;, se hizo con mala calidad, en donde se gast&oacute; mal el dinero y que no se termin&oacute;&rdquo;, explic&oacute; Cornejo.<\/p>\n<p>Se&ntilde;al&oacute; que &ldquo;en estos escasos meses la reiniciamos, cambiamos el proyecto y ya estamos finalizando la primera etapa. S&oacute;lo resta la demarcaci&oacute;n de las calles y el agregado de dos ciclov&iacute;as&rdquo;.<\/p>\n<p>Por su parte, Marcolini expres&oacute;: &ldquo;Hace dos&nbsp;meses y medio, los vecinos no pod&iacute;an transitar porque se hab&iacute;a levantado el asfalto, era realmente un caos circular por la zona. Sin lugar a dudas, ha habido una fuerte decisi&oacute;n pol&iacute;tica hacer un buen trabajo y de calidad en la obra&rdquo;.<\/p>\n<\/body><\/html>\n","protected":false},"excerpt":{"rendered":"Alfredo Cornejo visit\u00f3 Alvear Oeste. All\u00ed recorri\u00f3 la zona de 5 Esquinas, donde se est\u00e1n finalizando importantes obras viales sobre la arteria. El proyecto se realiz\u00f3 en s\u00f3lo cuatro meses con recursos de la Direcci\u00f3n Provincial de Vialidad.","protected":false},"author":3,"featured_media":55198,"comment_status":"open","ping_status":"open","sticky":false,"template":"","format":"standard","meta":[],"categories":[19],"tags":[],"_links":{"self":[{"href":"https:\/\/www.mendoza.gov.ar\/prensa\/wp-json\/wp\/v2\/posts\/55172"}],"collection":[{"href":"https:\/\/www.mendoza.gov.ar\/prensa\/wp-json\/wp\/v2\/posts"}],"about":[{"href":"https:\/\/www.mendoza.gov.ar\/prensa\/wp-json\/wp\/v2\/types\/post"}],"author":[{"embeddable":true,"href":"https:\/\/www.mendoza.gov.ar\/prensa\/wp-json\/wp\/v2\/users\/3"}],"replies":[{"embeddable":true,"href":"https:\/\/www.mendoza.gov.ar\/prensa\/wp-json\/wp\/v2\/comments?post=55172"}],"version-history":[{"count":0,"href":"https:\/\/www.mendoza.gov.ar\/prensa\/wp-json\/wp\/v2\/posts\/55172\/revisions"}],"wp:featuredmedia":[{"embeddable":true,"href":"https:\/\/www.mendoza.gov.ar\/prensa\/wp-json\/wp\/v2\/media\/55198"}],"wp:attachment":[{"href":"https:\/\/www.mendoza.gov.ar\/prensa\/wp-json\/wp\/v2\/media?parent=55172"}],"wp:term":[{"taxonomy":"category","embeddable":true,"href":"https:\/\/www.mendoza.gov.ar\/prensa\/wp-json\/wp\/v2\/categories?post=55172"},{"taxonomy":"post_tag","embeddable":true,"href":"https:\/\/www.mendoza.gov.ar\/prensa\/wp-json\/wp\/v2\/tags?post=55172"}],"curies":[{"name":"wp","href":"https:\/\/api.w.org\/{rel}","templated":true}]}}