{"id":55187,"date":"2016-05-07T14:01:37","date_gmt":"2016-05-07T17:01:37","guid":{"rendered":"http:\/\/prensa.mendoza.gov.ar\/?p=55187"},"modified":"2016-05-07T14:01:37","modified_gmt":"2016-05-07T17:01:37","slug":"carmensa-cornejo-anuncio-una-nueva-obra-electrica-beneficiara-a-mas-de-600-familias","status":"publish","type":"post","link":"https:\/\/www.mendoza.gov.ar\/prensa\/carmensa-cornejo-anuncio-una-nueva-obra-electrica-beneficiara-a-mas-de-600-familias\/","title":{"rendered":"Carmensa: Cornejo anunci\u00f3 una nueva obra el\u00e9ctrica que beneficiar\u00e1 a 600 familias"},"content":{"rendered":"<!DOCTYPE html PUBLIC \"-\/\/W3C\/\/DTD HTML 4.0 Transitional\/\/EN\" \"http:\/\/www.w3.org\/TR\/REC-html40\/loose.dtd\">\n<html><body><p>El Gobernador Alfredo Cornejo, junto al secretario de Servicios P&uacute;blicos, Sergio Marinelli;&nbsp;el intendente de General Alvear, Walther Marcolini, y el presidente de la Distribuidora de Electricidad Cecsagal, H&eacute;ctor Ambrosini, presentaron la obra de tendido el&eacute;ctrico para el distrito de Carmensa, que beneficiar&aacute; a aproximadamente a 600 familias.<\/p>\n<p>&ldquo;Tenemos escasez de recursos y grandes dificultades, pero en vez de grandes anuncios, traemos peque&ntilde;as realidades. Una revoluci&oacute;n de lo sencillo. Y lo sencillo son cosas que nos llenan de orgullo, poder traer la electricidad a lugares donde hace 60 a&ntilde;os que viven sin ese servicio. Nos hemos propuesto esas acciones, que tienen peque&ntilde;as obras y tienen otras que son de gran inversi&oacute;n, queremos una doble entrada como lo que estamos teniendo ahora en Carmensa, que si se cortaba la luz en un lugar, todo el pueblo se quedaba sin electricidad. Esto se ha hecho porque la cooperativa ha trabajado en esa direcci&oacute;n y porque el intendente ha insistido en ese proyecto, porque el EPRE ha puesto su asistencia t&eacute;cnica, y es un ejemplo a tener en cuenta&rdquo;, anunci&oacute; el Gobernador.<\/p>\n<p>Esta l&iacute;nea permitir&aacute; mejorar las condiciones de alimentaci&oacute;n en la zona y la calidad de prestaci&oacute;n del servicio. Permitir&aacute; adem&aacute;s en un futuro la incorporaci&oacute;n de nuevos suministros tanto residenciales como industriales y comerciales, es decir, se tendr&aacute; mayor oferta disponible para un potencial crecimiento de demanda en esta localidad.<\/p>\n<p>Hay que destacar que la &uacute;nica red que hab&iacute;a en la zona tiene una antig&uuml;edad de 60 a&ntilde;os, por lo que este tendido el&eacute;ctrico inaugurado pasar&aacute; a ser el abastecedor principal.<\/p>\n<p>Por su parte, el presidente de Cecsagal agradeci&oacute; y detall&oacute; que &ldquo;este es un anhelo de nuestras familias de Carmensa, que logramos llevarlo delante luego de varios a&ntilde;os, una obra importante que le va a permitir a nuestros vecinos alimentarse por dos lados, hasta hoy ten&iacute;amos una l&iacute;nea de 60 a&ntilde;os, y con muchos problemas&rdquo;.<\/p>\n<p>Marinelli destac&oacute; el trabajo y el esfuerzo que significan estas obras que benefician a tantas familias alvearenses: &ldquo;Esto es una obra chica de un mill&oacute;n y medio de pesos pero de gran significaci&oacute;n para este lugar en particular y para Alvear tambi&eacute;n como departamento. Esto tambi&eacute;n es simb&oacute;lico, porque es una obra que se inicia al comienzo de la gesti&oacute;n, que se inaugura ahora pero que de alguna manera tambi&eacute;n nos estamos marcando un desaf&iacute;o y un pedido del intendente. Es una obra de significaci&oacute;n econ&oacute;mica importante, que ojal&aacute; podamos lograrla en esta gesti&oacute;n pero que estamos trabajando para ella que es tambi&eacute;n para que Alvear tenga doble v&iacute;nculo. Es una gran tarea conseguir los fondos, el EPRE ya est&aacute; avanzando en los estudios y en el proyecto, estamos todos trabajando. Es una obra que tiene prioridad, pero bueno en una Mendoza devastada como la que tenemos, cuesta mucho hacerlo&rdquo;.<\/p>\n<\/body><\/html>\n","protected":false},"excerpt":{"rendered":"La construcci\u00f3n de esta l\u00ednea mejorar\u00e1 las condiciones de alimentaci\u00f3n en el distrito, ya que la \u00fanica que suministraba electricidad hasta el momento tiene una antig\u00fcedad de 60 a\u00f1os.","protected":false},"author":3,"featured_media":55199,"comment_status":"open","ping_status":"open","sticky":false,"template":"","format":"standard","meta":[],"categories":[19],"tags":[],"_links":{"self":[{"href":"https:\/\/www.mendoza.gov.ar\/prensa\/wp-json\/wp\/v2\/posts\/55187"}],"collection":[{"href":"https:\/\/www.mendoza.gov.ar\/prensa\/wp-json\/wp\/v2\/posts"}],"about":[{"href":"https:\/\/www.mendoza.gov.ar\/prensa\/wp-json\/wp\/v2\/types\/post"}],"author":[{"embeddable":true,"href":"https:\/\/www.mendoza.gov.ar\/prensa\/wp-json\/wp\/v2\/users\/3"}],"replies":[{"embeddable":true,"href":"https:\/\/www.mendoza.gov.ar\/prensa\/wp-json\/wp\/v2\/comments?post=55187"}],"version-history":[{"count":0,"href":"https:\/\/www.mendoza.gov.ar\/prensa\/wp-json\/wp\/v2\/posts\/55187\/revisions"}],"wp:featuredmedia":[{"embeddable":true,"href":"https:\/\/www.mendoza.gov.ar\/prensa\/wp-json\/wp\/v2\/media\/55199"}],"wp:attachment":[{"href":"https:\/\/www.mendoza.gov.ar\/prensa\/wp-json\/wp\/v2\/media?parent=55187"}],"wp:term":[{"taxonomy":"category","embeddable":true,"href":"https:\/\/www.mendoza.gov.ar\/prensa\/wp-json\/wp\/v2\/categories?post=55187"},{"taxonomy":"post_tag","embeddable":true,"href":"https:\/\/www.mendoza.gov.ar\/prensa\/wp-json\/wp\/v2\/tags?post=55187"}],"curies":[{"name":"wp","href":"https:\/\/api.w.org\/{rel}","templated":true}]}}