{"id":55374,"date":"2016-05-10T09:12:15","date_gmt":"2016-05-10T12:12:15","guid":{"rendered":"http:\/\/prensa.mendoza.gov.ar\/?p=55374"},"modified":"2016-05-10T09:12:15","modified_gmt":"2016-05-10T12:12:15","slug":"especialistas-se-unen-al-equipo-tecnico-del-zoologico-para-tratar-la-salud-del-oso-polar-arturo","status":"publish","type":"post","link":"https:\/\/www.mendoza.gov.ar\/prensa\/especialistas-se-unen-al-equipo-tecnico-del-zoologico-para-tratar-la-salud-del-oso-polar-arturo\/","title":{"rendered":"Especialistas provinciales y nacionales realizar\u00e1n estudios al oso Arturo"},"content":{"rendered":"<!DOCTYPE html PUBLIC \"-\/\/W3C\/\/DTD HTML 4.0 Transitional\/\/EN\" \"http:\/\/www.w3.org\/TR\/REC-html40\/loose.dtd\">\n<html><body><p>La Direcci&oacute;n del Zool&oacute;gico, tras los&nbsp;signos de decaimiento y falta de apetito manifestados en los &uacute;ltimos d&iacute;as por el oso polar Arturo, decidi&oacute; realizar&nbsp;una sedaci&oacute;n para practicar estudios complementarios que posibiliten un diagn&oacute;stico; para ello se traslad&oacute;, desde Buenos Aires, el equipo de Temaiken, ya que debido a su experiencia y entrenamiento &nbsp;son id&oacute;neos para realizar este tipo de procedimientos.<\/p>\n<p>Los profesionales de Temaik&eacute;n llegaron ayer a nuestra provincia para realizar una evaluaci&oacute;n directa del ejemplar y conjuntamente con los profesionales del Zool&oacute;gico, establecer los protocolos necesarios para la administraci&oacute;n de la anestesia.<\/p>\n<p>Tambi&eacute;n&nbsp;se convoc&oacute; a especialistas mendocinos para realizar parte de los estudios complementarios para llevar a cabo, hoy mismo, este procedimiento. Finalizado el trabajo de los especialistas, la Secretar&iacute;a de Ambiente &nbsp;comunicar&aacute;&nbsp;el estado de salud del Oso Polar.<\/p>\n<p>Por otra parte desde la Direcci&oacute;n del Zool&oacute;gico agradecieron la participaci&oacute;n y colaboraci&oacute;n, en todo este proceso, de la Asociaci&oacute;n Amigos del Oso Polar Arturo.<\/p>\n<p>&nbsp;<\/p>\n<\/body><\/html>\n","protected":false},"excerpt":{"rendered":"A trav\u00e9s de consultas nacionales e internacionales sobre el estado de salud del plant\u00edgrado, se sugiri\u00f3 la participaci\u00f3n del equipo veterinario de la Fundaci\u00f3n Temaik\u00e9n para asistir en una intervenci\u00f3n de sedaci\u00f3n.","protected":false},"author":3,"featured_media":55375,"comment_status":"open","ping_status":"open","sticky":false,"template":"","format":"standard","meta":[],"categories":[3],"tags":[],"_links":{"self":[{"href":"https:\/\/www.mendoza.gov.ar\/prensa\/wp-json\/wp\/v2\/posts\/55374"}],"collection":[{"href":"https:\/\/www.mendoza.gov.ar\/prensa\/wp-json\/wp\/v2\/posts"}],"about":[{"href":"https:\/\/www.mendoza.gov.ar\/prensa\/wp-json\/wp\/v2\/types\/post"}],"author":[{"embeddable":true,"href":"https:\/\/www.mendoza.gov.ar\/prensa\/wp-json\/wp\/v2\/users\/3"}],"replies":[{"embeddable":true,"href":"https:\/\/www.mendoza.gov.ar\/prensa\/wp-json\/wp\/v2\/comments?post=55374"}],"version-history":[{"count":0,"href":"https:\/\/www.mendoza.gov.ar\/prensa\/wp-json\/wp\/v2\/posts\/55374\/revisions"}],"wp:featuredmedia":[{"embeddable":true,"href":"https:\/\/www.mendoza.gov.ar\/prensa\/wp-json\/wp\/v2\/media\/55375"}],"wp:attachment":[{"href":"https:\/\/www.mendoza.gov.ar\/prensa\/wp-json\/wp\/v2\/media?parent=55374"}],"wp:term":[{"taxonomy":"category","embeddable":true,"href":"https:\/\/www.mendoza.gov.ar\/prensa\/wp-json\/wp\/v2\/categories?post=55374"},{"taxonomy":"post_tag","embeddable":true,"href":"https:\/\/www.mendoza.gov.ar\/prensa\/wp-json\/wp\/v2\/tags?post=55374"}],"curies":[{"name":"wp","href":"https:\/\/api.w.org\/{rel}","templated":true}]}}