{"id":55415,"date":"2016-05-10T14:39:15","date_gmt":"2016-05-10T17:39:15","guid":{"rendered":"http:\/\/prensa.mendoza.gov.ar\/?p=55415"},"modified":"2016-05-10T14:39:15","modified_gmt":"2016-05-10T17:39:15","slug":"el-gobernador-firmara-un-convenio-de-trabajo-en-buenos-aires","status":"publish","type":"post","link":"https:\/\/www.mendoza.gov.ar\/prensa\/el-gobernador-firmara-un-convenio-de-trabajo-en-buenos-aires\/","title":{"rendered":"El Gobernador firmar\u00e1 un convenio de trabajo en Buenos Aires"},"content":{"rendered":"<!DOCTYPE html PUBLIC \"-\/\/W3C\/\/DTD HTML 4.0 Transitional\/\/EN\" \"http:\/\/www.w3.org\/TR\/REC-html40\/loose.dtd\">\n<html><body><p>Esta ma&ntilde;ana, durante la presentaci&oacute;n de los<a href=\"https:\/\/www.mendoza.gov.ar\/prensa\/modernizacion-del-estado-necesitamos-optimizar-el-recurso-humano-y-tecnologico-para-terminar-con-la-inseguridad\/\" target=\"_blank\"> m&oacute;viles inteligentes de la Polic&iacute;a de Mendoza<\/a>, el Gobernador Alfredo Cornejo anunci&oacute; un viaje a Buenos Aires para firmar un convenio con el ministro de Trabajo de la Naci&oacute;n, Jorge Triaca.<\/p>\n<p>En el anuncio explic&oacute; que se busca que la creaci&oacute;n de 8 mil empleos transitorios para el agro y el pago del seguro de desempleo por parte de la Naci&oacute;n. &ldquo;Creemos que en invierno los temas de agricultura y agroindustria son fundamentales y pueden presentar problemas, con esto nos estamos preparando para ese momento&rdquo;, puntualiz&oacute; el mandatario.<\/p>\n<p>Asegur&oacute; que este acuerdo con la Naci&oacute;n ser&aacute; de gran ayuda para los lugares agrarios, como los&nbsp;oasis del Valle de Uco&nbsp;y del Este, entre otros. A su vez, coment&oacute; que este tema lo vienen trabajando y dialogando con los intendentes.<\/p>\n<\/body><\/html>\n","protected":false},"excerpt":{"rendered":"Lo har\u00e1 con el ministro de Trabajo de la Naci\u00f3n. El acuerdo busca la creaci\u00f3n de 8 mil empleos transitorios para el agro y el pago de seguro de desempleo.","protected":false},"author":3,"featured_media":55419,"comment_status":"open","ping_status":"open","sticky":false,"template":"","format":"standard","meta":[],"categories":[19],"tags":[],"_links":{"self":[{"href":"https:\/\/www.mendoza.gov.ar\/prensa\/wp-json\/wp\/v2\/posts\/55415"}],"collection":[{"href":"https:\/\/www.mendoza.gov.ar\/prensa\/wp-json\/wp\/v2\/posts"}],"about":[{"href":"https:\/\/www.mendoza.gov.ar\/prensa\/wp-json\/wp\/v2\/types\/post"}],"author":[{"embeddable":true,"href":"https:\/\/www.mendoza.gov.ar\/prensa\/wp-json\/wp\/v2\/users\/3"}],"replies":[{"embeddable":true,"href":"https:\/\/www.mendoza.gov.ar\/prensa\/wp-json\/wp\/v2\/comments?post=55415"}],"version-history":[{"count":0,"href":"https:\/\/www.mendoza.gov.ar\/prensa\/wp-json\/wp\/v2\/posts\/55415\/revisions"}],"wp:featuredmedia":[{"embeddable":true,"href":"https:\/\/www.mendoza.gov.ar\/prensa\/wp-json\/wp\/v2\/media\/55419"}],"wp:attachment":[{"href":"https:\/\/www.mendoza.gov.ar\/prensa\/wp-json\/wp\/v2\/media?parent=55415"}],"wp:term":[{"taxonomy":"category","embeddable":true,"href":"https:\/\/www.mendoza.gov.ar\/prensa\/wp-json\/wp\/v2\/categories?post=55415"},{"taxonomy":"post_tag","embeddable":true,"href":"https:\/\/www.mendoza.gov.ar\/prensa\/wp-json\/wp\/v2\/tags?post=55415"}],"curies":[{"name":"wp","href":"https:\/\/api.w.org\/{rel}","templated":true}]}}