{"id":55583,"date":"2016-05-11T19:06:22","date_gmt":"2016-05-11T22:06:22","guid":{"rendered":"http:\/\/prensa.mendoza.gov.ar\/?p=55583"},"modified":"2016-05-11T19:06:22","modified_gmt":"2016-05-11T22:06:22","slug":"cornejo-y-triaca-firmaron-convenio-para-el-sostenimiento-de-empleo-agricola","status":"publish","type":"post","link":"https:\/\/www.mendoza.gov.ar\/prensa\/cornejo-y-triaca-firmaron-convenio-para-el-sostenimiento-de-empleo-agricola\/","title":{"rendered":"Cornejo y Triaca firman convenio para sostener el empleo agrario"},"content":{"rendered":"<!DOCTYPE html PUBLIC \"-\/\/W3C\/\/DTD HTML 4.0 Transitional\/\/EN\" \"http:\/\/www.w3.org\/TR\/REC-html40\/loose.dtd\">\n<html><body><p>El Gobernador Alfredo Cornejo mantuvo mantuvo esta tarde una reuni&oacute;n en Buenos Aires con el ministro de Trabajo de la Naci&oacute;n, Jorge Triaca, en la cual se firm&oacute; un convenio para los trabajadores del agro y el pago de un seguro de desempleo por parte de la Naci&oacute;n.<\/p>\n<p>Luego del encuentro, Mart&iacute;n Arregui, director de la Empleabilidad para Trabajadores con Discapacidad, expres&oacute;: &ldquo;Hemos puesto toda nuestra atenci&oacute;n en el tema agr&iacute;cola, ayudando a siete mil quinientas personas durante cuatro meses y adem&aacute;s hemos decidido continuar con el programa Buena Cosecha, que es el acompa&ntilde;amiento a&nbsp;los chicos mientras los padres trabajan en los cultivos&rdquo;.<\/p>\n<p><a href=\"https:\/\/www.mendoza.gov.ar\/prensa\/wp-content\/uploads\/sites\/23\/adentro.jpg\"><img loading=\"lazy\" class=\"alignnone wp-image-55585 img-responsive center-block\" src=\"https:\/\/www.mendoza.gov.ar\/prensa\/wp-content\/uploads\/sites\/23\/adentro.jpg\" alt=\"Alfredo Cornejo con Triaca en ministerio de trabajo\" width=\"650\" height=\"433\"><\/a><\/p>\n<p>Para finalizar, el funcionario nacional coment&oacute;: &ldquo;En un mes queremos firmar convenios para la formaci&oacute;n profesional de educaci&oacute;n, el objetivo es trabajar en conjunto las organizaciones sociales, la Naci&oacute;n, las provincias y los municipios para optimizar los recursos que tenemos&rdquo;. En&nbsp;este encuentro tambi&eacute;n particip&oacute; Miguel &Aacute;ngel Ponte, secretario de Empleo.<\/p>\n<p>Este acuerdo que involucra a Mendoza con la Naci&oacute;n es de gran ayuda para los lugares agrarios, como los oasis del Valle de Uco y del Este, entre otros, y desde el Gobierno provincial se est&aacute; trabajando en conjunto con los intendentes de todos los departamentos para la generaci&oacute;n de empleo en los sectores involucrados.<\/p>\n<\/body><\/html>\n","protected":false},"excerpt":{"rendered":"El Gobernador se reuni\u00f3 esta tarde con el ministro de Trabajo de la Naci\u00f3n. El acuerdo beneficiar\u00e1 a 7.500 trabajadores del agro. ","protected":false},"author":3,"featured_media":55584,"comment_status":"open","ping_status":"open","sticky":false,"template":"","format":"standard","meta":[],"categories":[19],"tags":[],"_links":{"self":[{"href":"https:\/\/www.mendoza.gov.ar\/prensa\/wp-json\/wp\/v2\/posts\/55583"}],"collection":[{"href":"https:\/\/www.mendoza.gov.ar\/prensa\/wp-json\/wp\/v2\/posts"}],"about":[{"href":"https:\/\/www.mendoza.gov.ar\/prensa\/wp-json\/wp\/v2\/types\/post"}],"author":[{"embeddable":true,"href":"https:\/\/www.mendoza.gov.ar\/prensa\/wp-json\/wp\/v2\/users\/3"}],"replies":[{"embeddable":true,"href":"https:\/\/www.mendoza.gov.ar\/prensa\/wp-json\/wp\/v2\/comments?post=55583"}],"version-history":[{"count":0,"href":"https:\/\/www.mendoza.gov.ar\/prensa\/wp-json\/wp\/v2\/posts\/55583\/revisions"}],"wp:featuredmedia":[{"embeddable":true,"href":"https:\/\/www.mendoza.gov.ar\/prensa\/wp-json\/wp\/v2\/media\/55584"}],"wp:attachment":[{"href":"https:\/\/www.mendoza.gov.ar\/prensa\/wp-json\/wp\/v2\/media?parent=55583"}],"wp:term":[{"taxonomy":"category","embeddable":true,"href":"https:\/\/www.mendoza.gov.ar\/prensa\/wp-json\/wp\/v2\/categories?post=55583"},{"taxonomy":"post_tag","embeddable":true,"href":"https:\/\/www.mendoza.gov.ar\/prensa\/wp-json\/wp\/v2\/tags?post=55583"}],"curies":[{"name":"wp","href":"https:\/\/api.w.org\/{rel}","templated":true}]}}