{"id":55592,"date":"2016-05-11T20:33:28","date_gmt":"2016-05-11T23:33:28","guid":{"rendered":"http:\/\/prensa.mendoza.gov.ar\/?p=55592"},"modified":"2016-05-11T20:33:28","modified_gmt":"2016-05-11T23:33:28","slug":"avanza-favorablemente-la-salud-del-oso-polar-arturo","status":"publish","type":"post","link":"https:\/\/www.mendoza.gov.ar\/prensa\/avanza-favorablemente-la-salud-del-oso-polar-arturo\/","title":{"rendered":"Evoluciona favorablemente la salud del oso polar Arturo"},"content":{"rendered":"<!DOCTYPE html PUBLIC \"-\/\/W3C\/\/DTD HTML 4.0 Transitional\/\/EN\" \"http:\/\/www.w3.org\/TR\/REC-html40\/loose.dtd\">\n<html><body><p>Se realiz&oacute; hoy en el Zool&oacute;gico de Mendoza un operativo coordinado entre especialistas de diversas instituciones para anestesiar al oso polar Arturo y efectuar un chequeo completo de su estado de salud.<\/p>\n<p>El proceso permiti&oacute; llevar a cabo estudios como xamen cl&iacute;nico completo, radiograf&iacute;as, ecograf&iacute;as, endoscop&iacute;a, toma de muestra de sangre y examen ocular para definir las causas del decaimiento en la actividad f&iacute;sica, p&eacute;rdida de apetito y disminuci&oacute;n visual observados en los &uacute;ltimos d&iacute;as.<\/p>\n<p>Seg&uacute;n informaron los especialistas, la anestesia implicaba un riesgo significativo, dada la edad avanzada de Arturo, por lo que el protocolo de acci&oacute;n fue cuidadosamente definido con profesionales en la materia, nacionales e internacionales. En principio, el animal no muestra signos de tener una&nbsp;patolog&iacute;a significativa.<\/p>\n<p>En los pr&oacute;ximos d&iacute;as se tendr&aacute;n m&aacute;s precisiones, cuando se obtengan los resultados de todos los estudios. Por el momento, Arturo permanecer&aacute; alejado del p&uacute;blico y monitoreado especialmente hasta asegurar la estabilidad de la recuperaci&oacute;n de la anestesia.<\/p>\n<p>La Asociaci&oacute;n Amigos del Oso Polar Arturo y la experiencia y disposici&oacute;n de la Fundaci&oacute;n Temaik&eacute;n para dirigir la sedaci&oacute;n fueron de vital importancia para garantizarle una mejor calidad de vida al oso.<\/p>\n<p>Los profesionales del Zool&oacute;gico, de la Fundaci&oacute;n Temaik&eacute;n y expertos mendocinos convocados realizaron todos los estudios que permitir&aacute;n definir cu&aacute;l es el estado cl&iacute;nico del animal y el motivo de los signos de decaimiento observados.<\/p>\n<p>El operativo requiri&oacute; una log&iacute;stica especial por parte del personal del Zool&oacute;gico para adecuar las instalaciones del recinto de Arturo para la intervenci&oacute;n. El trabajo estuvo bien articulado y se realizaron todos los estudios previstos en el tiempo definido.<\/p>\n<p>Al finalizar el procedimiento, se mont&oacute; una guardia permanente para observar la evoluci&oacute;n del oso. A pesar de que la recuperaci&oacute;n de la anestesia demor&oacute; algo m&aacute;s que lo previsto, Arturo reaccion&oacute; satisfactoriamente y hoy se encuentra estable&nbsp;y muestra&nbsp;apetito y comportamiento normal.<\/p>\n<\/body><\/html>\n","protected":false},"excerpt":{"rendered":"La Secretar\u00eda de Ambiente y Ordenamiento Territorial a trav\u00e9s de la Direcci\u00f3n del Zool\u00f3gico brind\u00f3 una conferencia de prensa para informar sobre el procedimiento de anestesia general que se le aplic\u00f3 al animal y para realizarle varios estudios.","protected":false},"author":3,"featured_media":55593,"comment_status":"open","ping_status":"open","sticky":false,"template":"","format":"standard","meta":[],"categories":[3],"tags":[],"_links":{"self":[{"href":"https:\/\/www.mendoza.gov.ar\/prensa\/wp-json\/wp\/v2\/posts\/55592"}],"collection":[{"href":"https:\/\/www.mendoza.gov.ar\/prensa\/wp-json\/wp\/v2\/posts"}],"about":[{"href":"https:\/\/www.mendoza.gov.ar\/prensa\/wp-json\/wp\/v2\/types\/post"}],"author":[{"embeddable":true,"href":"https:\/\/www.mendoza.gov.ar\/prensa\/wp-json\/wp\/v2\/users\/3"}],"replies":[{"embeddable":true,"href":"https:\/\/www.mendoza.gov.ar\/prensa\/wp-json\/wp\/v2\/comments?post=55592"}],"version-history":[{"count":0,"href":"https:\/\/www.mendoza.gov.ar\/prensa\/wp-json\/wp\/v2\/posts\/55592\/revisions"}],"wp:featuredmedia":[{"embeddable":true,"href":"https:\/\/www.mendoza.gov.ar\/prensa\/wp-json\/wp\/v2\/media\/55593"}],"wp:attachment":[{"href":"https:\/\/www.mendoza.gov.ar\/prensa\/wp-json\/wp\/v2\/media?parent=55592"}],"wp:term":[{"taxonomy":"category","embeddable":true,"href":"https:\/\/www.mendoza.gov.ar\/prensa\/wp-json\/wp\/v2\/categories?post=55592"},{"taxonomy":"post_tag","embeddable":true,"href":"https:\/\/www.mendoza.gov.ar\/prensa\/wp-json\/wp\/v2\/tags?post=55592"}],"curies":[{"name":"wp","href":"https:\/\/api.w.org\/{rel}","templated":true}]}}