{"id":55667,"date":"2016-05-12T15:17:31","date_gmt":"2016-05-12T18:17:31","guid":{"rendered":"http:\/\/prensa.mendoza.gov.ar\/?p=55667"},"modified":"2016-05-12T15:17:31","modified_gmt":"2016-05-12T18:17:31","slug":"cornejo-el-ausentismo-docente-disminuyo-mas-del-30-en-comparacion-al-ano-pasado","status":"publish","type":"post","link":"https:\/\/www.mendoza.gov.ar\/prensa\/cornejo-el-ausentismo-docente-disminuyo-mas-del-30-en-comparacion-al-ano-pasado\/","title":{"rendered":"Cornejo: \u201cEl ausentismo docente disminuy\u00f3 m\u00e1s del 30% en comparaci\u00f3n al a\u00f1o pasado\u201d"},"content":{"rendered":"<!DOCTYPE html PUBLIC \"-\/\/W3C\/\/DTD HTML 4.0 Transitional\/\/EN\" \"http:\/\/www.w3.org\/TR\/REC-html40\/loose.dtd\">\n<html><body><p>El Gobernador Alfredo Cornejo brind&oacute; una conferencia de prensa para presentar las estad&iacute;sticas acerca del ausentismo, licencias y d&iacute;as ca&iacute;dos de los docentes mendocinos. Asegur&oacute; al respecto: &nbsp;&ldquo;En marzo y abril hemos advertido mayor &nbsp;presentismo de docentes, estamos hablando de bajas que rondan el 36% menos en el mes de marzo y el 32% en abril, &nbsp;comparados con la misma &eacute;poca de&nbsp;2015&rdquo;.<\/p>\n<p>El mandatario asegur&oacute; que estos resultados se producen por diversos factores: &ldquo;Debido a un cambio de concepci&oacute;n de la poblaci&oacute;n educativa que quiere cumplir con el servicio, que entiende el mensaje y se une a este proyecto, y al incentivo del &iacute;tem aula&rdquo;.<\/p>\n<p>Los n&uacute;meros indicaron que en marzo de 2015 hubo 16.432 licencias por art&iacute;culo Ley 5811 y 19.381 en abril del mismo a&ntilde;o; mientras que durante 2016 en estos meses se registraron 10.475 y 13.2245, respectivamente. En la comparaci&oacute;n&nbsp;de ambos a&ntilde;os, las cifras evidencian una disminuci&oacute;n del ausentismo del 36% en marzo y de 32% en abril.<\/p>\n<p>Por otra parte, Cornejo se&ntilde;al&oacute; que la cantidad de licencia por enfermedad (Art. 40 Ley 5811), cerca del 70% son de uno a tres d&iacute;as, los cuales est&aacute;n dentro del &iacute;tem aula.<\/p>\n<p>En tanto que los d&iacute;as ca&iacute;dos por licencia, comparando los dos primeros meses del ciclo lectivo de un a&ntilde;o con otro, tambi&eacute;n han disminuido en marzo el 40% menos y en abril, el 42%. Es decir que en 2015 fueron m&aacute;s de 53.000 los d&iacute;as en los que los docentes no fueron a clase y en marzo 2016, poco m&aacute;s de 32.000; en tanto que la merma de d&iacute;as sin agentes prestando servicio de abril de un a&ntilde;o comparado con el otro fue de 27.000&Prime;.<\/p>\n<p>Estas cifras traducidas en valoraci&oacute;n monetaria significan m&aacute;s de $31 millones en marzo y de $ 36 millones en abril, que representan un valor superior a &nbsp;$67 millones, que se invierten en el hecho educativo.<\/p>\n<p>Durante la conferencia de la cual participaron el director general de Escuelas, Jaime Correas, y el director general de Administraci&oacute;n de la DGE, Gabriel Sciola, el Gobernador agradeci&oacute; a los docentes por su trabajo y el cumplimiento de la tarea educativa.<\/p>\n<p>Por su parte, Correas manifest&oacute; que &ldquo;durante esta primera etapa de debate se impuso que la educaci&oacute;n nos importa y hay un clima diferente en las escuelas.&nbsp; El docente percibi&oacute; que estamos trabajando, que salud laboral acompa&ntilde;a, que el tema de infraestructura se est&aacute; solucionando, que estamos hablando de evaluaciones y que estamos visitando las escuelas&rdquo;.<\/p>\n<p>&ldquo;Cuando en una escuela el docente que corresponde se hace presente, todo se ordena y el resto del personal docente y no docente vuelve a las tareas que le corresponden. Es la presencia del docente lo que hace que la escuela se ordene&rdquo;, reflexion&oacute;.<\/p>\n<p>&ldquo;Todas estas medidas son instrumentos dentro de una pol&iacute;tica de gobierno. El sistema educativo comprendi&oacute; que hay buena voluntad para mejorar. Se siente que ahora hay m&aacute;s respeto, estoy agradecido con los docentes&rdquo;, opin&oacute; y agreg&oacute; que &ldquo;el sistema educativo entendi&oacute; las preocupaciones, ahora hay que hacer que la sociedad est&eacute; preocupada por nuestras escuelas&rdquo;.<\/p>\n<p>Click&nbsp;<a href=\"https:\/\/www.mendoza.gov.ar\/prensa\/wp-content\/uploads\/sites\/23\/Conferencia-Ausentismo.pptx\">aqu&iacute;<\/a>&nbsp;para acceder las estad&iacute;sticas de licencia.<\/p>\n<p>&nbsp;<\/p>\n<\/body><\/html>\n","protected":false},"excerpt":{"rendered":"As\u00ed lo asegur\u00f3 el Gobernador e indic\u00f3 que esto se debe a una nueva concepci\u00f3n de la educaci\u00f3n en las escuelas.","protected":false},"author":3,"featured_media":55668,"comment_status":"open","ping_status":"open","sticky":false,"template":"","format":"standard","meta":[],"categories":[12,19],"tags":[],"_links":{"self":[{"href":"https:\/\/www.mendoza.gov.ar\/prensa\/wp-json\/wp\/v2\/posts\/55667"}],"collection":[{"href":"https:\/\/www.mendoza.gov.ar\/prensa\/wp-json\/wp\/v2\/posts"}],"about":[{"href":"https:\/\/www.mendoza.gov.ar\/prensa\/wp-json\/wp\/v2\/types\/post"}],"author":[{"embeddable":true,"href":"https:\/\/www.mendoza.gov.ar\/prensa\/wp-json\/wp\/v2\/users\/3"}],"replies":[{"embeddable":true,"href":"https:\/\/www.mendoza.gov.ar\/prensa\/wp-json\/wp\/v2\/comments?post=55667"}],"version-history":[{"count":0,"href":"https:\/\/www.mendoza.gov.ar\/prensa\/wp-json\/wp\/v2\/posts\/55667\/revisions"}],"wp:featuredmedia":[{"embeddable":true,"href":"https:\/\/www.mendoza.gov.ar\/prensa\/wp-json\/wp\/v2\/media\/55668"}],"wp:attachment":[{"href":"https:\/\/www.mendoza.gov.ar\/prensa\/wp-json\/wp\/v2\/media?parent=55667"}],"wp:term":[{"taxonomy":"category","embeddable":true,"href":"https:\/\/www.mendoza.gov.ar\/prensa\/wp-json\/wp\/v2\/categories?post=55667"},{"taxonomy":"post_tag","embeddable":true,"href":"https:\/\/www.mendoza.gov.ar\/prensa\/wp-json\/wp\/v2\/tags?post=55667"}],"curies":[{"name":"wp","href":"https:\/\/api.w.org\/{rel}","templated":true}]}}