{"id":55762,"date":"2016-05-15T10:00:46","date_gmt":"2016-05-15T13:00:46","guid":{"rendered":"http:\/\/prensa.mendoza.gov.ar\/?p=55762"},"modified":"2016-05-15T10:00:46","modified_gmt":"2016-05-15T13:00:46","slug":"mendoza-y-nacion-firmaran-un-convenio-para-el-desarrollo-sustentable","status":"publish","type":"post","link":"https:\/\/www.mendoza.gov.ar\/prensa\/mendoza-y-nacion-firmaran-un-convenio-para-el-desarrollo-sustentable\/","title":{"rendered":"Mendoza y Naci\u00f3n firmar\u00e1n un convenio para el desarrollo sustentable"},"content":{"rendered":"<!DOCTYPE html PUBLIC \"-\/\/W3C\/\/DTD HTML 4.0 Transitional\/\/EN\" \"http:\/\/www.w3.org\/TR\/REC-html40\/loose.dtd\">\n<html><body><p>El&nbsp;pr&oacute;ximo jueves, la Provincia y los siete&nbsp;departamentos del &Aacute;rea Metropolitana, que conforman Unicipio, firmar&aacute;n un convenio que les permitir&aacute; integrar el programa &ldquo;Iniciativa de Ciudades Emergentes y Sostenibles&rdquo; (ICES). De este modo, Mendoza se sumar&aacute; a otras 71 ciudades latinoamericanas que forman parte de la iniciativa.<\/p>\n<p>La firma de este convenio se llevar&aacute; a cabo en la Casa Rosada el jueves 19 de mayo a las 12 y estar&aacute;n presentes el ministro del Interior, Rogelio Frigerio; el Gobernador, Alfredo Cornejo, junto al secretario de Ambiente y Ordenamiento Territorial, Humberto Mingorance. Tambi&eacute;n estar&aacute; presente el coordinador del Banco Interamericano de Desarrollo para el Cono Sur, Martin Soulier.<\/p>\n<p>El proyecto le permitir&aacute; a Mendoza &ndash;junto a otras urbes argentinas que se incorporan este a&ntilde;o, como La Plata, Bah&iacute;a Blanca, Jujuy, Malarg&uuml;e y Allen&ndash; recibir asistencia t&eacute;cnica no reembolsable del Banco Interamericano de Desarrollo (BID) y apoyo directo a&nbsp;los&nbsp;gobiernos provincial y municipal para desarrollar y ejecutar&nbsp;planes de sostenibilidad urbana.<\/p>\n<p>De esta forma, en el &Aacute;rea Metropolitana de Mendoza se comenzar&aacute;n&nbsp;a identificar, organizar y priorizar intervenciones urbanas para afrontar &ndash;mediante proyectos de preinversi&oacute;n&ndash; las principales problem&aacute;ticas que obstaculizan su crecimiento sostenible.<\/p>\n<p><strong>Importancia del convenio<\/strong><\/p>\n<p>La Iniciativa Ciudades Emergentes y Sostenibles (ICES) es un programa de asistencia t&eacute;cnicas no reembolsable que provee apoyo directo a los gobiernos centrales y locales para desarrollo y ejecuci&oacute;n de planes sostenibles.<\/p>\n<p>Mediante un enfoque integral e interdisciplinario, aborda las intervenciones urbanas para afrontar los principales obst&aacute;culos que impiden el crecimiento sostenible de las ciudades de Am&eacute;rica Latina y el Caribe. Este enfoque transversal se basa en tres ejes: sostenibilidad medioambiental&nbsp;ycambio clim&aacute;tico,&nbsp;sostenibilidad urbana y sostenibilidad fiscal&nbsp;y&nbsp;gobernabilidad.<\/p>\n<p>Am&eacute;rica Latina y el Caribe es la segunda regi&oacute;n m&aacute;s urbanizada del planeta, con 8 de cada 10 personas viviendo en ciudades. Entre 1950 y 2014, se urbaniz&oacute; a una tasa sin precedentes, aumentando su poblaci&oacute;n urbana (como porcentaje del total) de 50 por ciento a 80 por ciento, una cifra que se espera que alcance 80 por ciento en 2050.<\/p>\n<p>En las &uacute;ltimas dos d&eacute;cadas, la poblaci&oacute;n urbana y el crecimiento econ&oacute;mico de la regi&oacute;n se han estado llevando a cabo cada vez m&aacute;s en las ciudades de tama&ntilde;o intermedio, que se est&aacute;n expandiendo de manera exponencial. De all&iacute; la importancia del proyecto que busca incorporar cada vez m&aacute;s ciudades para que inicien sus procesos de transformaci&oacute;n hacia la sostenibilidad.<\/p>\n<\/body><\/html>\n","protected":false},"excerpt":{"rendered":"Cornejo y Mingorance ser\u00e1n recibidos por el ministro del Interior en la Casa Rosada. All\u00ed rubricar\u00e1n un acuerdo para recibir asistencia t\u00e9cnica no reembolsable del BID para desarrollar y ejecutar planes de sostenibilidad urbana que beneficiar\u00e1n al \u00c1rea Metropolitana.","protected":false},"author":3,"featured_media":55763,"comment_status":"open","ping_status":"open","sticky":false,"template":"","format":"standard","meta":[],"categories":[3],"tags":[],"_links":{"self":[{"href":"https:\/\/www.mendoza.gov.ar\/prensa\/wp-json\/wp\/v2\/posts\/55762"}],"collection":[{"href":"https:\/\/www.mendoza.gov.ar\/prensa\/wp-json\/wp\/v2\/posts"}],"about":[{"href":"https:\/\/www.mendoza.gov.ar\/prensa\/wp-json\/wp\/v2\/types\/post"}],"author":[{"embeddable":true,"href":"https:\/\/www.mendoza.gov.ar\/prensa\/wp-json\/wp\/v2\/users\/3"}],"replies":[{"embeddable":true,"href":"https:\/\/www.mendoza.gov.ar\/prensa\/wp-json\/wp\/v2\/comments?post=55762"}],"version-history":[{"count":0,"href":"https:\/\/www.mendoza.gov.ar\/prensa\/wp-json\/wp\/v2\/posts\/55762\/revisions"}],"wp:featuredmedia":[{"embeddable":true,"href":"https:\/\/www.mendoza.gov.ar\/prensa\/wp-json\/wp\/v2\/media\/55763"}],"wp:attachment":[{"href":"https:\/\/www.mendoza.gov.ar\/prensa\/wp-json\/wp\/v2\/media?parent=55762"}],"wp:term":[{"taxonomy":"category","embeddable":true,"href":"https:\/\/www.mendoza.gov.ar\/prensa\/wp-json\/wp\/v2\/categories?post=55762"},{"taxonomy":"post_tag","embeddable":true,"href":"https:\/\/www.mendoza.gov.ar\/prensa\/wp-json\/wp\/v2\/tags?post=55762"}],"curies":[{"name":"wp","href":"https:\/\/api.w.org\/{rel}","templated":true}]}}