{"id":55972,"date":"2016-05-16T19:46:53","date_gmt":"2016-05-16T22:46:53","guid":{"rendered":"http:\/\/prensa.mendoza.gov.ar\/?p=55972"},"modified":"2016-05-16T19:46:53","modified_gmt":"2016-05-16T22:46:53","slug":"tras-el-temporal-y-el-frio-murieron-15-ciervos-gamos-en-el-zoologico-provincial","status":"publish","type":"post","link":"https:\/\/www.mendoza.gov.ar\/prensa\/tras-el-temporal-y-el-frio-murieron-15-ciervos-gamos-en-el-zoologico-provincial\/","title":{"rendered":"Tras el temporal y el fr\u00edo murieron 15 ciervos gamos en el Zool\u00f3gico provincial"},"content":{"rendered":"<!DOCTYPE html PUBLIC \"-\/\/W3C\/\/DTD HTML 4.0 Transitional\/\/EN\" \"http:\/\/www.w3.org\/TR\/REC-html40\/loose.dtd\">\n<html><body><p>&ldquo;No queremos perder m&aacute;s animales por razones evitables, por eso estamos trabajando cada d&iacute;a para que el ecoparque sea una realidad en Mendoza, acorde a un nuevo paradigma que garantice, antes que la atracci&oacute;n de los visitantes, la calidad de vida de los animales&rdquo;. As&iacute; se expres&oacute; el jefe de Gabinete de la Secretar&iacute;a de Ambiente, Eduardo Sosa, ante la noticia de la muerte de 15 ejemplares ciervos gamos blancos y pintados este fin de semana lluvioso.<\/p>\n<p>Los ejemplares son &ldquo;hembras adultas con un estado general bastante deteriorado, demostrado por su <em>score<\/em> corporal&rdquo;, especifica el parte m&eacute;dico de la jefa de veterinarios del Zool&oacute;gico, Anal&iacute;a Pedroza.<\/p>\n<p>La profesional agrega en su informe que los ciervos presentan lesiones producto de &ldquo;pica y lamido&rdquo; por su reducido h&aacute;bitat, donde el n&uacute;mero de ejemplares y el barro acumulado en las &uacute;ltimas jornadas lluviosas provoc&oacute;, seg&uacute;n las necropsias, &ldquo;lesiones generalizadas y coincidentes&rdquo;, en su mayor&iacute;a por una posible hipotermia.<\/p>\n<p>La congesti&oacute;n pulmonar y el estr&eacute;s en los corrales, donde los animales est&aacute;n hacinados y compiten por la alimentaci&oacute;n, se detectan como las posibles causas de esta mortandad en los gamos.<\/p>\n<p>Frente a este informe, el jefe de Gabinete de la Secretar&iacute;a de Ambiente insisti&oacute; en una idea que se ha instalado en la sociedad mendocina. &ldquo;Es imprescindible reconvertir el zool&oacute;gico y es por eso que buscamos hacerlo a trav&eacute;s de un ecoparque. Creemos que bajo el conocimiento de muchos especialistas en el tema, este proyecto lo podremos hacer y as&iacute; evitar que la vida de los animales siga corriendo riesgo&rdquo;.<\/p>\n<p>La directora del paseo inform&oacute; que se realizar&aacute;n estudios toxicol&oacute;gicos para descartar otras causas de muerte.<\/p>\n<\/body><\/html>\n","protected":false},"excerpt":{"rendered":"Las autoridades de la Secretar\u00eda de Ambiente explicaron que la p\u00e9rdida de estos ejemplares, que no son aut\u00f3ctonos, es evitable bajo el nuevo paradigma de ecoparque.","protected":false},"author":3,"featured_media":55973,"comment_status":"open","ping_status":"open","sticky":false,"template":"","format":"standard","meta":[],"categories":[3],"tags":[],"_links":{"self":[{"href":"https:\/\/www.mendoza.gov.ar\/prensa\/wp-json\/wp\/v2\/posts\/55972"}],"collection":[{"href":"https:\/\/www.mendoza.gov.ar\/prensa\/wp-json\/wp\/v2\/posts"}],"about":[{"href":"https:\/\/www.mendoza.gov.ar\/prensa\/wp-json\/wp\/v2\/types\/post"}],"author":[{"embeddable":true,"href":"https:\/\/www.mendoza.gov.ar\/prensa\/wp-json\/wp\/v2\/users\/3"}],"replies":[{"embeddable":true,"href":"https:\/\/www.mendoza.gov.ar\/prensa\/wp-json\/wp\/v2\/comments?post=55972"}],"version-history":[{"count":0,"href":"https:\/\/www.mendoza.gov.ar\/prensa\/wp-json\/wp\/v2\/posts\/55972\/revisions"}],"wp:featuredmedia":[{"embeddable":true,"href":"https:\/\/www.mendoza.gov.ar\/prensa\/wp-json\/wp\/v2\/media\/55973"}],"wp:attachment":[{"href":"https:\/\/www.mendoza.gov.ar\/prensa\/wp-json\/wp\/v2\/media?parent=55972"}],"wp:term":[{"taxonomy":"category","embeddable":true,"href":"https:\/\/www.mendoza.gov.ar\/prensa\/wp-json\/wp\/v2\/categories?post=55972"},{"taxonomy":"post_tag","embeddable":true,"href":"https:\/\/www.mendoza.gov.ar\/prensa\/wp-json\/wp\/v2\/tags?post=55972"}],"curies":[{"name":"wp","href":"https:\/\/api.w.org\/{rel}","templated":true}]}}