{"id":56065,"date":"2016-05-17T14:03:37","date_gmt":"2016-05-17T17:03:37","guid":{"rendered":"http:\/\/prensa.mendoza.gov.ar\/?p=56065"},"modified":"2019-03-14T09:48:46","modified_gmt":"2019-03-14T12:48:46","slug":"presentaron-mas-de-400-mil-firmas-a-favor-del-ecoparque-en-legislatura","status":"publish","type":"post","link":"https:\/\/www.mendoza.gov.ar\/prensa\/presentaron-mas-de-400-mil-firmas-a-favor-del-ecoparque-en-legislatura\/","title":{"rendered":"Presentaron en la Legislatura m\u00e1s de 400 mil firmas a favor del Ecoparque"},"content":{"rendered":"<!DOCTYPE html PUBLIC \"-\/\/W3C\/\/DTD HTML 4.0 Transitional\/\/EN\" \"http:\/\/www.w3.org\/TR\/REC-html40\/loose.dtd\">\n<html><body><p>El secretario de Ambiente y Ordenamiento Territorial, Humberto Mingorance, junto a integrantes de su gabinete y organizaciones ambientalistas, presentaron en la Legislatura un certificado con m&aacute;s de 400 mil firmas, que promueve la aprobaci&oacute;n del <a href=\"https:\/\/www.change.org\/p\/ecoparque-en-mendoza-y-evaluaci%C3%B3n-del-oso-polar-arturo-difusioncornejo?source_location=search_index&amp;algorithm=curated_trending&amp;grid_position=1\" target=\"_blank\" rel=\"noopener\">Ecoparque<\/a>, recopiladas a trav&eacute;s de la p&aacute;gina web a nivel mundial &ldquo;<a href=\"https:\/\/www.change.org\/p\/ecoparque-en-mendoza-y-evaluaci%C3%B3n-del-oso-polar-arturo-difusioncornejo?source_location=search_index&amp;algorithm=curated_trending&amp;grid_position=1\" target=\"_blank\" rel=\"noopener\">Change.org<\/a>&rdquo;.<\/p>\n<p>Mingorance se&ntilde;al&oacute; al respecto: &ldquo;Estamos haciendo una presentaci&oacute;n en forma conjunta entre la Secretar&iacute;a de Ambiente y las organizaciones&rdquo;, porque &ldquo;a partir de que se empez&oacute; a promover el proyecto Ecoparque en esa p&aacute;gina, se han conseguido m&aacute;s de 434 mil firmas que sirven como un documento v&aacute;lido para poder respaldar, apoyar e impulsar la ley que hoy por hoy se est&aacute; debatiendo en la Legislatura&rdquo;.<\/p>\n<p>El funcionario sostuvo que &ldquo;este certificado est&aacute; respaldado adem&aacute;s por las organizaciones locales que promueven la Ley de Ecoparque, que no son pocas y son muy representativas de una buena parte de la comunidad&rdquo;.<\/p>\n<p>Asimismo, indic&oacute; que este proyecto no es algo que pueda aplicarse en un d&iacute;a sino que implica una serie de acciones y gestiones &ldquo;que hay que hacer&rdquo; y que &ldquo;tiene dos grandes patas: una que tiene que ver con la gesti&oacute;n y el cuidado de los animales, y otra que tiene que ver con la recuperaci&oacute;n de la infraestructura&rdquo;.<\/p>\n<p>&ldquo;No pretendemos que se cierre el paseo como tal pero s&iacute; que se modifique y que deje de ser un zool&oacute;gico, como fue concebido&rdquo;, acot&oacute;.<\/p>\n<p>En relaci&oacute;n a los animales que ya se encuentran en el zoo, dijo que &ldquo;hay un punto de inflexi&oacute;n que son los animales ex&oacute;ticos. No se va a permitir m&aacute;s el ingreso de estos animales&rdquo; como tampoco &ldquo;se va a permitir m&aacute;s el intercambio de animales ex&oacute;ticos como se hac&iacute;a en alg&uacute;n momento&rdquo;, a lo que agreg&oacute; que la poblaci&oacute;n de estas especies &ldquo;va&nbsp; a ir disminuyendo paulatinamente&rdquo;.<\/p>\n<p>En tanto, en lo que hace a &ldquo;animales nativos o de corral que se puedan trasladar a lugares, recintos o reservas que est&eacute;n en mejores condiciones que lo que est&aacute;n en el zool&oacute;gico, se va a hacer&rdquo;, subray&oacute;.<\/p>\n<p>&ldquo;Tenemos que ir disminuyendo paulatinamente tambi&eacute;n la poblaci&oacute;n de animales nativos, para que quede el zool&oacute;gico reservado o preservado para aquellos animales nativos que est&aacute;n en peligro de extinci&oacute;n o aquellos que no est&eacute;n en condiciones de poder estar en un h&aacute;bitat natural hasta su recuperaci&oacute;n&rdquo;, afirm&oacute; Mingorance.<\/p>\n<p>Asimismo, sostuvo que &ldquo;con los animales ex&oacute;ticos, aquellos que est&eacute;n en condiciones de ser trasladados a otras reservas dentro o fuera del pa&iacute;s, vamos a hacer todas las gestiones como lo estamos haciendo con la mona Cecilia para poder trasladarla a Brasil. A aquellos animales ex&oacute;ticos que no se puedan trasladar del zool&oacute;gico, por su estado de salud o por su avanzada edad &ndash;donde se encuadrar&iacute;a el oso Arturo&ndash; les vamos a ir mejorando m&aacute;s r&aacute;pidamente las condiciones del recinto para que puedan vivir hasta sus &uacute;ltimos d&iacute;as en las mejores condiciones posibles&rdquo;.<\/p>\n<div class=\"yj6qo ajU\">\n<div id=\":14t\" class=\"ajR\"><img class=\"ajT img-responsive center-block\" src=\"https:\/\/ssl.gstatic.com\/ui\/v1\/icons\/mail\/images\/cleardot.gif\" alt=\"\"><\/div>\n<\/div>\n<\/body><\/html>\n","protected":false},"excerpt":{"rendered":"Lo realizaron en conjunto la Secretar\u00eda de Ambiente y Ordenamiento Territorial y organizaciones ambientalistas. Las adhesiones se hicieron a trav\u00e9s de Change.org y con ellas se busca la aprobaci\u00f3n de la ley. Humberto Mingorance destac\u00f3 el respaldo al proyecto. ","protected":false},"author":3,"featured_media":56068,"comment_status":"open","ping_status":"open","sticky":false,"template":"","format":"standard","meta":[],"categories":[3],"tags":[],"_links":{"self":[{"href":"https:\/\/www.mendoza.gov.ar\/prensa\/wp-json\/wp\/v2\/posts\/56065"}],"collection":[{"href":"https:\/\/www.mendoza.gov.ar\/prensa\/wp-json\/wp\/v2\/posts"}],"about":[{"href":"https:\/\/www.mendoza.gov.ar\/prensa\/wp-json\/wp\/v2\/types\/post"}],"author":[{"embeddable":true,"href":"https:\/\/www.mendoza.gov.ar\/prensa\/wp-json\/wp\/v2\/users\/3"}],"replies":[{"embeddable":true,"href":"https:\/\/www.mendoza.gov.ar\/prensa\/wp-json\/wp\/v2\/comments?post=56065"}],"version-history":[{"count":1,"href":"https:\/\/www.mendoza.gov.ar\/prensa\/wp-json\/wp\/v2\/posts\/56065\/revisions"}],"predecessor-version":[{"id":176211,"href":"https:\/\/www.mendoza.gov.ar\/prensa\/wp-json\/wp\/v2\/posts\/56065\/revisions\/176211"}],"wp:featuredmedia":[{"embeddable":true,"href":"https:\/\/www.mendoza.gov.ar\/prensa\/wp-json\/wp\/v2\/media\/56068"}],"wp:attachment":[{"href":"https:\/\/www.mendoza.gov.ar\/prensa\/wp-json\/wp\/v2\/media?parent=56065"}],"wp:term":[{"taxonomy":"category","embeddable":true,"href":"https:\/\/www.mendoza.gov.ar\/prensa\/wp-json\/wp\/v2\/categories?post=56065"},{"taxonomy":"post_tag","embeddable":true,"href":"https:\/\/www.mendoza.gov.ar\/prensa\/wp-json\/wp\/v2\/tags?post=56065"}],"curies":[{"name":"wp","href":"https:\/\/api.w.org\/{rel}","templated":true}]}}