{"id":56133,"date":"2016-05-18T18:52:12","date_gmt":"2016-05-18T21:52:12","guid":{"rendered":"http:\/\/prensa.mendoza.gov.ar\/?p=56133"},"modified":"2016-05-18T18:52:12","modified_gmt":"2016-05-18T21:52:12","slug":"cornejo-firmo-un-acuerdo-con-la-nacion-para-la-devolucion-del-15-de-la-coparticipacion-federal","status":"publish","type":"post","link":"https:\/\/www.mendoza.gov.ar\/prensa\/cornejo-firmo-un-acuerdo-con-la-nacion-para-la-devolucion-del-15-de-la-coparticipacion-federal\/","title":{"rendered":"Cornejo firm\u00f3 un acuerdo con la Naci\u00f3n para la devoluci\u00f3n del 15% de la Coparticipaci\u00f3n Federal"},"content":{"rendered":"<!DOCTYPE html PUBLIC \"-\/\/W3C\/\/DTD HTML 4.0 Transitional\/\/EN\" \"http:\/\/www.w3.org\/TR\/REC-html40\/loose.dtd\">\n<html><body><p>El Gobernador Alfredo Cornejo particip&oacute; esta ma&ntilde;ana, en el Centro C&iacute;vico de C&oacute;rdoba, en&nbsp;la segunda reuni&oacute;n de gobernadores del pa&iacute;s. En el encuentro se firm&oacute; un acuerdo entre la Naci&oacute;n y las provincias para&nbsp;que se les devuelva&nbsp;el&nbsp;15% de la coparticipaci&oacute;n federal que se les descontaba para financiar a&nbsp;la ANSES. Ser&aacute;&nbsp;ahora el Tesoro Nacional quien se har&aacute; cargo de la diferencia para no afectar al organismo de seguridad social nacional.<\/p>\n<p>Este acuerdo adem&aacute;s incluye&nbsp;la posibilidad de que las provincias tomen pr&eacute;stamos a cuenta a una tasa subsidiada del 15% a trav&eacute;s del Fondo de Garant&iacute;a de Sustentabilidad, que entrar&aacute; en vigencia una vez que sea refrendado por el Congreso Nacional y las legislaturas provinciales.<\/p>\n<p>El mecanismo&nbsp;ser&aacute;, para&nbsp;el primer a&ntilde;o, del 3% de devoluci&oacute;n efectiva y 6% en pr&eacute;stamos, con una tasa entre 12% y 15% anual, que la Provincia empezar&aacute; a pagar en 2020.<\/p>\n<p>Para&nbsp;el segundo a&ntilde;o (2017) es 6% de devoluci&oacute;n efectiva y 3%&nbsp;de pr&eacute;stamo; para el tercer a&ntilde;o (2018) es el 9% de devoluci&oacute;n y el 3% de pr&eacute;stamo; para el cuarto (2019) es el 12% de devoluci&oacute;n efectiva y el 3% de pr&eacute;stamo.<\/p>\n<p>Ya desde 2020 la devoluci&oacute;n por parte de la Naci&oacute;n ser&aacute; del 15%.<\/p>\n<p><a href=\"https:\/\/www.mendoza.gov.ar\/prensa\/wp-content\/uploads\/sites\/23\/cornejo5.jpg\"><img loading=\"lazy\" class=\"alignnone wp-image-56156 img-responsive center-block\" src=\"https:\/\/www.mendoza.gov.ar\/prensa\/wp-content\/uploads\/sites\/23\/cornejo5.jpg\" alt=\"\" width=\"650\" height=\"487\"><\/a><\/p>\n<p>La actividad estuvo encabezada por el ministro del Interior, Obras P&uacute;blicas y Vivienda, Rogelio Frigerio, y asisitieron todos los gobernadores del pa&iacute;s. Luego del encuentro, Alfredo Cornejo expres&oacute;: &ldquo;Este es un buen acuerdo donde todas las partes ceden, pero es la primera vez que las provincias, en un pacto fiscal federal, reciben y no les detraen, por lo tanto, lo considero un cambio hist&oacute;rico&rdquo;.<\/p>\n<p>C&oacute;rdoba, Santa Fe y San Luis son las provincias que desde diciembre reciben la coparticipaci&oacute;n sin recortes por un fallo de la Corte Suprema. En referencia a esto, el Gobernador mendocino afirm&oacute; que &ldquo;es un acuerdo&nbsp;que favorece a Mendoza porque va a recibir recursos frescos y tiene todas las facultades abiertas para reclamar lo que falta desde el punto de vista judicial equipar&aacute;ndose&nbsp;a las tres provincias que ya recibieron el 15% neto&rdquo;.<\/p>\n<p>Para finalizar, Frigerio explic&oacute; que&nbsp;&ldquo;el Gobierno nacional se har&aacute; cargo de la diferencia para no afectar a la ANSES;&nbsp;esta devoluci&oacute;n escalonada del 15% de la coparticipaci&oacute;n federal tiene&nbsp;el objetivo de terminar en 2020 con el esquema sostenido desde 1992&rdquo;.<\/p>\n<p><a href=\"https:\/\/www.mendoza.gov.ar\/prensa\/wp-content\/uploads\/sites\/23\/gober.jpg\"><img loading=\"lazy\" class=\"alignnone wp-image-56158 img-responsive center-block\" src=\"https:\/\/www.mendoza.gov.ar\/prensa\/wp-content\/uploads\/sites\/23\/gober.jpg\" alt=\"\" width=\"650\" height=\"487\"><\/a><\/p>\n<\/body><\/html>\n","protected":false},"excerpt":{"rendered":"Esta devoluci\u00f3n ser\u00e1 en cuotas del 3% por a\u00f1o de la masa de impuestos coparticipables, desde ahora hasta 2020. ","protected":false},"author":3,"featured_media":56155,"comment_status":"open","ping_status":"open","sticky":false,"template":"","format":"standard","meta":[],"categories":[19],"tags":[],"_links":{"self":[{"href":"https:\/\/www.mendoza.gov.ar\/prensa\/wp-json\/wp\/v2\/posts\/56133"}],"collection":[{"href":"https:\/\/www.mendoza.gov.ar\/prensa\/wp-json\/wp\/v2\/posts"}],"about":[{"href":"https:\/\/www.mendoza.gov.ar\/prensa\/wp-json\/wp\/v2\/types\/post"}],"author":[{"embeddable":true,"href":"https:\/\/www.mendoza.gov.ar\/prensa\/wp-json\/wp\/v2\/users\/3"}],"replies":[{"embeddable":true,"href":"https:\/\/www.mendoza.gov.ar\/prensa\/wp-json\/wp\/v2\/comments?post=56133"}],"version-history":[{"count":0,"href":"https:\/\/www.mendoza.gov.ar\/prensa\/wp-json\/wp\/v2\/posts\/56133\/revisions"}],"wp:featuredmedia":[{"embeddable":true,"href":"https:\/\/www.mendoza.gov.ar\/prensa\/wp-json\/wp\/v2\/media\/56155"}],"wp:attachment":[{"href":"https:\/\/www.mendoza.gov.ar\/prensa\/wp-json\/wp\/v2\/media?parent=56133"}],"wp:term":[{"taxonomy":"category","embeddable":true,"href":"https:\/\/www.mendoza.gov.ar\/prensa\/wp-json\/wp\/v2\/categories?post=56133"},{"taxonomy":"post_tag","embeddable":true,"href":"https:\/\/www.mendoza.gov.ar\/prensa\/wp-json\/wp\/v2\/tags?post=56133"}],"curies":[{"name":"wp","href":"https:\/\/api.w.org\/{rel}","templated":true}]}}