{"id":56208,"date":"2016-05-18T17:42:45","date_gmt":"2016-05-18T20:42:45","guid":{"rendered":"http:\/\/prensa.mendoza.gov.ar\/?p=56208"},"modified":"2016-05-18T17:42:45","modified_gmt":"2016-05-18T20:42:45","slug":"empresarios-pymes-valoraron-las-medidas-nacionales-que-benefician-al-sector","status":"publish","type":"post","link":"https:\/\/www.mendoza.gov.ar\/prensa\/empresarios-pymes-valoraron-las-medidas-nacionales-que-benefician-al-sector\/","title":{"rendered":"Empresarios pymes valoraron las medidas nacionales que benefician al sector"},"content":{"rendered":"<!DOCTYPE html PUBLIC \"-\/\/W3C\/\/DTD HTML 4.0 Transitional\/\/EN\" \"http:\/\/www.w3.org\/TR\/REC-html40\/loose.dtd\">\n<html><body><div><span lang=\"ES-AR\">El subsecretario de Industria y Comercio, Guillermo Cruz, se reuni&oacute; con representantes de c&aacute;maras empresarias de Mendoza, que recibieron con benepl&aacute;cito el alcance local de las medidas nacionales para el fomento del trabajo que anunci&oacute; la semana pasada el presidente Mauricio Macri.<\/span><\/div>\n<div><span lang=\"ES-AR\">&nbsp;<\/span><\/div>\n<div><span lang=\"ES-AR\">&ldquo;Fomento a trav&eacute;s de l&iacute;neas de cr&eacute;dito, que se han ampliado en $63.000 millones; la pr&oacute;rroga del pago del IVA de 30 a 90 d&iacute;as, que significa un aumento en el capital de trabajo para las empresas calculado en $4.500 millones pesos a nivel nacional, y la disminuci&oacute;n en las retenciones que permite menor presi&oacute;n tributaria son algunas de las medidas que repercutir&aacute;n en el sector industrial de la provincia&rdquo;, indic&oacute; Cruz.&nbsp;&nbsp;<\/span><\/div>\n<div><span lang=\"ES-AR\">&nbsp;<\/span><\/div>\n<div><span lang=\"ES-AR\">Estas disposiciones comenzar&aacute;n a regir el&nbsp;1 de julio pr&oacute;ximo&nbsp;y alcanzar&aacute; a 18.810 pymes de la provincia, que representan al 85% del total de las sociedades comerciales vigentes.<\/span><\/div>\n<div><span lang=\"ES-AR\">&nbsp;<\/span><\/div>\n<div><span lang=\"ES-AR\">Las medidas fueron dise&ntilde;adas para abarcar a empresas que no puedan acceder al cr&eacute;dito. &ldquo;Desde el Banco BICE se cre&oacute; la l&iacute;nea &lsquo;Mi primer cr&eacute;dito&rsquo;&nbsp;pyme para empresas no bancarizadas y para aquellos&nbsp;sectores que no pod&iacute;an ser sujetos crediticios&rdquo;, coment&oacute; Cruz.<\/span><\/div>\n<div><span lang=\"ES-AR\">&nbsp;<\/span><\/div>\n<div><span lang=\"ES-AR\">En cuanto a los empresarios que tienen deudas impositivas, el funcionario recalc&oacute; que si bien &ldquo;antes no pod&iacute;an acceder a cr&eacute;ditos con bancos estatales, ahora s&iacute;, pero dentro del paquete refinanciaci&oacute;n&rdquo;.&nbsp;<\/span><\/div>\n<div><span lang=\"ES-AR\">&nbsp;<\/span><\/div>\n<div><span lang=\"ES-AR\">En&nbsp;la reuni&oacute;n participaron representantes de la Uni&oacute;n Industrial Mendoza (UIM), la Uni&oacute;n Comercial e Industrial Mendoza (UCIM), la Federaci&oacute;n Empresaria Mendocina (FEM), el Polo TIC, la Asamblea Pyme (Apyme), la Asociaci&oacute;n de Empresarios Madereros y Afines (Adema) y el Consejo Empresario Mendocino (CEM). En el encuentro se&nbsp;pusieron de manifiesto las expectativas de inversi&oacute;n y el buen panorama que se avizora a futuro tras estas medidas que apuntan a la reactivaci&oacute;n del sector y la mejora en el consumo.&nbsp;&nbsp;<\/span><\/div>\n<div><\/div>\n<div><a href=\"https:\/\/www.mendoza.gov.ar\/prensa\/wp-content\/uploads\/sites\/23\/min.jpg\"><img loading=\"lazy\" class=\"alignnone wp-image-56210 img-responsive center-block\" src=\"https:\/\/www.mendoza.gov.ar\/prensa\/wp-content\/uploads\/sites\/23\/min.jpg\" alt=\"\" width=\"650\" height=\"367\"><\/a><\/div>\n<div><\/div>\n<div><strong>Detalle de las medidas<\/strong><\/div>\n<div><b><span lang=\"ES-AR\">&nbsp;<\/span><\/b><\/div>\n<div><span lang=\"ES-AR\">1.&nbsp;&nbsp;&nbsp; <\/span><span lang=\"ES-AR\">Ampliaci&oacute;n de l&iacute;nea de inversi&oacute;n productiva<\/span><span lang=\"ES-AR\"> que autoriza el Banco Central al sistema financiero, pasando de un cupo del 14% de los activos de los bancos a un 15,5%.<\/span><\/div>\n<div><b>2.&nbsp;&nbsp;&nbsp; <\/b>Creaci&oacute;n del BICE de la l&iacute;nea &ldquo;Mi primer cr&eacute;dito&rdquo; para todas las pymes que nunca accedieron al financiamiento. La l&iacute;nea de inclusi&oacute;n financiera es para micro y peque&ntilde;as empresas y supone un monto disponible de casi 7.000 millones de pesos.<\/div>\n<div><b>3.&nbsp;&nbsp;&nbsp; <\/b>A partir del 1 de junio, las pymes <strong>l<\/strong>iquidar&aacute;n el IVA cada 90 d&iacute;as. Esto permitir&aacute; tener una capital de trabajo disponible de 5.000 millones de pesos.<\/div>\n<div><b>4.&nbsp;&nbsp;&nbsp; <\/b>Ahora, 70% de las pymes recibir&aacute; de&nbsp;forma autom&aacute;tica un certificado de no retenci&oacute;n del IVA y, para el resto, habr&aacute; requisitos m&aacute;s flexibles que los actuales.<\/div>\n<div><b>5.&nbsp;&nbsp;&nbsp; <\/b>Se elevan a 100 mil pesos los umbrales de retenci&oacute;n de IVA y Ganancias que no se actualizaban desde 2000.<\/div>\n<div><strong>6.&nbsp;&nbsp;&nbsp; <\/strong>Las pymes agroexportadoras tendr&aacute;n ahora un&nbsp;plazo de 365 d&iacute;as para liquidaci&oacute;n de divisas de exportaci&oacute;n.<\/div>\n<div>7.&nbsp;&nbsp;&nbsp; Simplificaci&oacute;n administrativa por la v&iacute;a de la automatizaci&oacute;n de mecanismos y la reducci&oacute;n de retenciones en montos y cantidades.<\/div>\n<div><b>&nbsp;<\/b><\/div>\n<div><b>Proyecto de ley<\/b><\/div>\n<div><\/div>\n<div>En cuanto al proyecto de ley de Promoci&oacute;n de las Pymes que se enviar&aacute; al&nbsp;Congreso, los t&oacute;picos destacados son:<\/div>\n<div><b>1. <\/b>Deducci&oacute;n de 8% de la inversi&oacute;n sobre el impuesto a las Ganancias, con un tope de 2% de las ventas.&nbsp;<b><\/b><\/div>\n<div><b>2. <\/b>Devoluci&oacute;n del IVA de estas inversiones bajo la forma de cr&eacute;dito fiscal.<\/div>\n<div><b>3. <\/b>Eliminaci&oacute;n de la Ganancia M&iacute;nima Presunta.<\/div>\n<div><b>4. <\/b>Compensaci&oacute;n (descuento) del impuesto a los cr&eacute;ditos y d&eacute;bitos bancarios (impuesto al cheque) con el impuesto a las ganancias.<\/div>\n<div dir=\"ltr\"><b>5.<\/b>&nbsp;Desarrollo de financiamiento a trav&eacute;s de obligaciones negociables, profundidad de mercado de capitales, sociedad de garant&iacute;a rec&iacute;proca, bonificaci&oacute;n de tasas, m&aacute;s medidas apuntadas a ampliar el horizonte del peque&ntilde;o y mediano empresario.<\/div>\n<\/body><\/html>\n","protected":false},"excerpt":{"rendered":"Se trata de las nuevas disposiciones del Gobierno nacional, que contemplan fomento a trav\u00e9s de l\u00edneas de cr\u00e9dito, pr\u00f3rroga en el pago del IVA y disminuci\u00f3n de retenciones. Beneficia al 85% de las peque\u00f1as y medianas empresas mendocinas.","protected":false},"author":3,"featured_media":56209,"comment_status":"open","ping_status":"open","sticky":false,"template":"","format":"standard","meta":[],"categories":[1],"tags":[],"_links":{"self":[{"href":"https:\/\/www.mendoza.gov.ar\/prensa\/wp-json\/wp\/v2\/posts\/56208"}],"collection":[{"href":"https:\/\/www.mendoza.gov.ar\/prensa\/wp-json\/wp\/v2\/posts"}],"about":[{"href":"https:\/\/www.mendoza.gov.ar\/prensa\/wp-json\/wp\/v2\/types\/post"}],"author":[{"embeddable":true,"href":"https:\/\/www.mendoza.gov.ar\/prensa\/wp-json\/wp\/v2\/users\/3"}],"replies":[{"embeddable":true,"href":"https:\/\/www.mendoza.gov.ar\/prensa\/wp-json\/wp\/v2\/comments?post=56208"}],"version-history":[{"count":0,"href":"https:\/\/www.mendoza.gov.ar\/prensa\/wp-json\/wp\/v2\/posts\/56208\/revisions"}],"wp:featuredmedia":[{"embeddable":true,"href":"https:\/\/www.mendoza.gov.ar\/prensa\/wp-json\/wp\/v2\/media\/56209"}],"wp:attachment":[{"href":"https:\/\/www.mendoza.gov.ar\/prensa\/wp-json\/wp\/v2\/media?parent=56208"}],"wp:term":[{"taxonomy":"category","embeddable":true,"href":"https:\/\/www.mendoza.gov.ar\/prensa\/wp-json\/wp\/v2\/categories?post=56208"},{"taxonomy":"post_tag","embeddable":true,"href":"https:\/\/www.mendoza.gov.ar\/prensa\/wp-json\/wp\/v2\/tags?post=56208"}],"curies":[{"name":"wp","href":"https:\/\/api.w.org\/{rel}","templated":true}]}}