{"id":56444,"date":"2016-05-21T13:58:43","date_gmt":"2016-05-21T16:58:43","guid":{"rendered":"http:\/\/prensa.mendoza.gov.ar\/?p=56444"},"modified":"2016-05-21T13:58:43","modified_gmt":"2016-05-21T16:58:43","slug":"el-gobierno-comenzara-plan-para-mitigar-la-lobesia-botrana","status":"publish","type":"post","link":"https:\/\/www.mendoza.gov.ar\/prensa\/el-gobierno-comenzara-plan-para-mitigar-la-lobesia-botrana\/","title":{"rendered":"El Gobierno comenzar\u00e1 un plan contra la polilla de la vid"},"content":{"rendered":"<!DOCTYPE html PUBLIC \"-\/\/W3C\/\/DTD HTML 4.0 Transitional\/\/EN\" \"http:\/\/www.w3.org\/TR\/REC-html40\/loose.dtd\">\n<html><body><div><span lang=\"ES-AR\">Tras seis&nbsp;a&ntilde;os de la aparici&oacute;n de Lobesia botrana (polilla de la vid) en&nbsp;Mendoza, el Gobierno provincial comenz&oacute; a dise&ntilde;ar un plan para combatir la plaga con los fondos provenientes de Naci&oacute;n que, para este a&ntilde;o, destin&oacute; $55 millones. A esto se sumar&aacute; un fondo adicional que la Provincia pondr&aacute; para ampliar el alcance.<\/span><\/div>\n<div><span lang=\"ES-AR\">&nbsp;<\/span><\/div>\n<div><span lang=\"ES-AR\">Actualmente, Mendoza tiene m&aacute;s de 130.000 hect&aacute;reas afectadas y debido a que el presupuesto consignado para este a&ntilde;o no es suficiente para cubrir toda la provincia, la idea es trabajar sobre las &aacute;reas con mayor presi&oacute;n de plaga, es decir con m&aacute;s de 1.500 detecciones en trampa.<\/span><\/div>\n<div><span lang=\"ES-AR\">&nbsp;<\/span><\/div>\n<div><span lang=\"ES-AR\">En una primera instancia, con el desembolso de Naci&oacute;n, se cubrir&aacute;n 18.500 hect&aacute;reas, a lo que se sumar&aacute;n un proporcional de fondos provinciales para atacar unas 1.600 hect&aacute;reas m&aacute;s, que con el aporte comprometido por el sector privado llegar&iacute;a a 30.000 hect&aacute;reas.<\/span><\/div>\n<div><span lang=\"ES-AR\">&nbsp;<\/span><\/div>\n<div><span lang=\"ES-AR\">Los especialistas consideraron que este es un a&ntilde;o de transici&oacute;n para la erradicaci&oacute;n de la polilla de la vid, debido a que reci&eacute;n en 2017 se destinar&aacute;n, por ley, US$ 20 millones ($300 millones) del presupuesto nacional para la cura de las plantas.<\/span><\/div>\n<div><span lang=\"ES-AR\">&nbsp;<\/span><\/div>\n<div><span lang=\"ES-AR\">El plan, que necesitar&aacute; de cuatro campa&ntilde;as de tratamiento, se basa en la t&eacute;cnica de confusi&oacute;n sexual y que tienen un costo estimado por los especialistas en US$ 190 por hect&aacute;rea.<\/span><\/div>\n<div><span lang=\"ES-AR\">&nbsp;<\/span><\/div>\n<div><span lang=\"ES-AR\">Seg&uacute;n los especialistas del INTA Mendoza, los ensayos hechos en campo demuestran que la aplicaci&oacute;n de la feromona supera a la curaci&oacute;n con insecticida no s&oacute;lo en efectividad sino tambi&eacute;n en costos.<\/span><\/div>\n<div><\/div>\n<div dir=\"ltr\"><span lang=\"ES-AR\">Por eso, con el prop&oacute;sito de sumar voluntades para combatir la plaga, una de las propuestas que los productores acercaron al Gobierno radica en incluir en la licitaci&oacute;n de compra de feromonas&nbsp;un &iacute;tem en el que se disponga que las empresas proveedoras mantengan el precio para los particulares, debido a que, seg&uacute;n indicaron los especialistas, es fundamental la participaci&oacute;n privada en la campa&ntilde;a de erradicaci&oacute;n.<\/span><\/div>\n<div dir=\"ltr\"><span lang=\"ES-AR\">&nbsp;<\/span><\/div>\n<div dir=\"ltr\"><span lang=\"ES-AR\">Por &uacute;ltimo, el Gobierno provincial eval&uacute;a posibilidad de crear&nbsp;un fideicomiso para que productores afectados e&nbsp;instituciones, entidades y municipios puedan sumar aportes a esta campa&ntilde;a.<\/span><\/div>\n<\/body><\/html>\n","protected":false},"excerpt":{"rendered":"Contar\u00e1 con un fondo de $55 millones e iniciar\u00e1 los trabajos con sistema de confusi\u00f3n sexual a trav\u00e9s de feromonas en las 20.000 hect\u00e1reas que m\u00e1s da\u00f1o registran. Adem\u00e1s, se sumar\u00e1n fondos del sector privado. ","protected":false},"author":3,"featured_media":56448,"comment_status":"open","ping_status":"open","sticky":false,"template":"","format":"standard","meta":[],"categories":[1],"tags":[],"_links":{"self":[{"href":"https:\/\/www.mendoza.gov.ar\/prensa\/wp-json\/wp\/v2\/posts\/56444"}],"collection":[{"href":"https:\/\/www.mendoza.gov.ar\/prensa\/wp-json\/wp\/v2\/posts"}],"about":[{"href":"https:\/\/www.mendoza.gov.ar\/prensa\/wp-json\/wp\/v2\/types\/post"}],"author":[{"embeddable":true,"href":"https:\/\/www.mendoza.gov.ar\/prensa\/wp-json\/wp\/v2\/users\/3"}],"replies":[{"embeddable":true,"href":"https:\/\/www.mendoza.gov.ar\/prensa\/wp-json\/wp\/v2\/comments?post=56444"}],"version-history":[{"count":0,"href":"https:\/\/www.mendoza.gov.ar\/prensa\/wp-json\/wp\/v2\/posts\/56444\/revisions"}],"wp:featuredmedia":[{"embeddable":true,"href":"https:\/\/www.mendoza.gov.ar\/prensa\/wp-json\/wp\/v2\/media\/56448"}],"wp:attachment":[{"href":"https:\/\/www.mendoza.gov.ar\/prensa\/wp-json\/wp\/v2\/media?parent=56444"}],"wp:term":[{"taxonomy":"category","embeddable":true,"href":"https:\/\/www.mendoza.gov.ar\/prensa\/wp-json\/wp\/v2\/categories?post=56444"},{"taxonomy":"post_tag","embeddable":true,"href":"https:\/\/www.mendoza.gov.ar\/prensa\/wp-json\/wp\/v2\/tags?post=56444"}],"curies":[{"name":"wp","href":"https:\/\/api.w.org\/{rel}","templated":true}]}}