{"id":56574,"date":"2016-05-21T15:29:04","date_gmt":"2016-05-21T18:29:04","guid":{"rendered":"http:\/\/prensa.mendoza.gov.ar\/?p=56574"},"modified":"2016-05-21T15:29:04","modified_gmt":"2016-05-21T18:29:04","slug":"tras-el-temporal-se-realizaron-nuevas-mejoras-en-el-zoologico","status":"publish","type":"post","link":"https:\/\/www.mendoza.gov.ar\/prensa\/tras-el-temporal-se-realizaron-nuevas-mejoras-en-el-zoologico\/","title":{"rendered":"Tras el temporal, se realizaron nuevas mejoras en el  Zool\u00f3gico"},"content":{"rendered":"<!DOCTYPE html PUBLIC \"-\/\/W3C\/\/DTD HTML 4.0 Transitional\/\/EN\" \"http:\/\/www.w3.org\/TR\/REC-html40\/loose.dtd\">\n<html><body><p>La Direcci&oacute;n del Zool&oacute;gico provincial, a trav&eacute;s de la Secretar&iacute;a de Ambiente, levant&oacute; nuevos refugios para las cierveras que se vieron afectadas por el temporal.<\/p>\n<p>Esto fue gracias al trabajo en conjunto realizado con la Administraci&oacute;n de Parques y Zool&oacute;gico, la Direcci&oacute;n de Recursos Naturales y los municipios del &Aacute;rea Metropolitana y a las donaciones de empresas&nbsp;y particulares, legisladores, guardaparques y personal de parques&nbsp;al Jard&iacute;n Zool&oacute;gico de Mendoza.<\/p>\n<p>Adem&aacute;s, j&oacute;venes de los diferentes municipios trabajaron dentro de los corrales levantando techos y lonas para resguardar a los animales.<\/p>\n<p><a href=\"https:\/\/www.mendoza.gov.ar\/prensa\/wp-content\/uploads\/sites\/23\/DSC_6082.jpg\"><img loading=\"lazy\" class=\"alignnone wp-image-56576 img-responsive center-block\" src=\"https:\/\/www.mendoza.gov.ar\/prensa\/wp-content\/uploads\/sites\/23\/DSC_6082.jpg\" alt=\"DSC_6082\" width=\"650\" height=\"434\"><\/a><\/p>\n<p>De esa manera, el &aacute;rea de los rumiantes fue refaccionada provisoriamente para que los animales no pasen las noches a la intemperie.<\/p>\n<p>Gracias al aporte de los municipios del &Aacute;rea Metropolitana, Vialidad Provincial, Recursos Naturales, Parques y la misma Secretar&iacute;a de Ambiente, el lunes de la pr&oacute;xima semana comenzar&aacute;n las obras de limpieza y remodelaci&oacute;n en estos mismos corrales para dejar de manera definitiva el espacio cubierto.<\/p>\n<p><strong>Situaci&oacute;n muy compleja<\/strong><\/p>\n<p>En conferencia de prensa, el secretario de Ambiente, Humberto Mingorance, anunci&oacute;: &ldquo;Desde que comenzamos la gesti&oacute;n, hemos venido trabajando en revertir una situaci&oacute;n que es muy compleja&rdquo;, y debido al &ldquo;desfinanciamiento, estamos terminando de cancelar las deudas que existen con los proveedores del zool&oacute;gico&rdquo;.<\/p>\n<p>Frente a las denuncias en la prensa&nbsp;de&nbsp;los sindicalistas, Mingorance respondi&oacute;: &ldquo;No nos queremos quedar parados en la demanda sindical o en la pol&iacute;tica y sabemos que van a hacer todas las acciones para socavar nuestra gesti&oacute;n, pero estamos dispuestos a revertir la situaci&oacute;n del Zool&oacute;gico y seguramente lo vamos a lograr&rdquo;.<\/p>\n<p>Adem&aacute;s, asegur&oacute; que en la gesti&oacute;n est&aacute;n ocupados y preocupados por la situaci&oacute;n, pero no se sienten amenazados por los pedidos de su renuncia, porque saben que el camino elegido y la decisi&oacute;n pol&iacute;tica de c&oacute;mo gestionar el Zool&oacute;gico es la correcta y asegur&oacute; que seguir&aacute;n trabajando en ese sentido.<\/p>\n<p>Finalmente, anunci&oacute; que el paseo permanecer&aacute; cerrado hasta el 30 de mayo, con el objetivo de trabajar internamente en las obras de remodelaci&oacute;n, limpieza y seguridad. El cierre estar&aacute; sujeto a las condiciones clim&aacute;ticas de los pr&oacute;ximos d&iacute;as y, en caso de que el tiempo no mejore en ese plazo, se prolongar&aacute; hasta nuevo aviso.<\/p>\n<\/body><\/html>\n","protected":false},"excerpt":{"rendered":"A pesar de que el clima y las lluvias retrasan las obras de remodelaci\u00f3n en el Zool\u00f3gico, ayer se avanz\u00f3 de manera diligente en\u00a0la reconstrucci\u00f3n de refugios para los corrales afectados en los \u00faltimos d\u00edas.","protected":false},"author":3,"featured_media":56575,"comment_status":"open","ping_status":"open","sticky":false,"template":"","format":"standard","meta":[],"categories":[3],"tags":[],"_links":{"self":[{"href":"https:\/\/www.mendoza.gov.ar\/prensa\/wp-json\/wp\/v2\/posts\/56574"}],"collection":[{"href":"https:\/\/www.mendoza.gov.ar\/prensa\/wp-json\/wp\/v2\/posts"}],"about":[{"href":"https:\/\/www.mendoza.gov.ar\/prensa\/wp-json\/wp\/v2\/types\/post"}],"author":[{"embeddable":true,"href":"https:\/\/www.mendoza.gov.ar\/prensa\/wp-json\/wp\/v2\/users\/3"}],"replies":[{"embeddable":true,"href":"https:\/\/www.mendoza.gov.ar\/prensa\/wp-json\/wp\/v2\/comments?post=56574"}],"version-history":[{"count":0,"href":"https:\/\/www.mendoza.gov.ar\/prensa\/wp-json\/wp\/v2\/posts\/56574\/revisions"}],"wp:featuredmedia":[{"embeddable":true,"href":"https:\/\/www.mendoza.gov.ar\/prensa\/wp-json\/wp\/v2\/media\/56575"}],"wp:attachment":[{"href":"https:\/\/www.mendoza.gov.ar\/prensa\/wp-json\/wp\/v2\/media?parent=56574"}],"wp:term":[{"taxonomy":"category","embeddable":true,"href":"https:\/\/www.mendoza.gov.ar\/prensa\/wp-json\/wp\/v2\/categories?post=56574"},{"taxonomy":"post_tag","embeddable":true,"href":"https:\/\/www.mendoza.gov.ar\/prensa\/wp-json\/wp\/v2\/tags?post=56574"}],"curies":[{"name":"wp","href":"https:\/\/api.w.org\/{rel}","templated":true}]}}