{"id":56771,"date":"2016-05-24T10:31:00","date_gmt":"2016-05-24T13:31:00","guid":{"rendered":"http:\/\/prensa.mendoza.gov.ar\/?p=56771"},"modified":"2016-05-24T10:31:00","modified_gmt":"2016-05-24T13:31:00","slug":"de-la-mano-de-cortazar-acequia-gano-su-primer-martin-fierro","status":"publish","type":"post","link":"https:\/\/www.mendoza.gov.ar\/prensa\/de-la-mano-de-cortazar-acequia-gano-su-primer-martin-fierro\/","title":{"rendered":"De la mano de Cort\u00e1zar, Acequia gan\u00f3 su primer Mart\u00edn Fierro"},"content":{"rendered":"<!DOCTYPE html PUBLIC \"-\/\/W3C\/\/DTD HTML 4.0 Transitional\/\/EN\" \"http:\/\/www.w3.org\/TR\/REC-html40\/loose.dtd\">\n<html><body><p>El documental de canal <em>Acequia<\/em> <em>Cort&aacute;zar en Mendoza<\/em> result&oacute; ganador en su categor&iacute;a el pasado s&aacute;bado 21, en la ceremonia del &ldquo;Mart&iacute;n Fierro Federal 2016&rdquo; que se realiz&oacute; en las Termas de R&iacute;o Hondo, Santiago del Estero. As&iacute;, la se&ntilde;al p&uacute;blica trae por primera vez este premio a nuestra provincia.<\/p>\n<p>El trabajo&nbsp;premiado por APTRA recrea los momentos y lugares que el joven escritor transit&oacute; entre julio de 1944 y fines de 1945 cuando vivi&oacute; en nuestra provincia, uno de los per&iacute;odos menos conocidos en la vida del creador de <em>Rayuela<\/em>. El relato est&aacute; basado en hallazgos documentales, cartas in&eacute;ditas y apuntes de sus clases como profesor en la Facultad de Filosof&iacute;a y Letras en la Universidad de Cuyo y testimonios de quienes conocieron a Cort&aacute;zar durante su paso por Mendoza. Durante su estad&iacute;a, dice el documental, el escritor realiz&oacute; descubrimientos fundamentales que luego lo transformar&iacute;an en una de las plumas ineludibles de la literatura de habla hispana.<\/p>\n<p>El gui&oacute;n del documental estuvo a cargo de Paloma Correas -a partir de la investigaci&oacute;n que realiz&oacute; su padre, Jaime Correas-&nbsp;y fue dirigido por los directores mendocinos Federico Cardone y Santiago Esteves. La producci&oacute;n general estuvo a cargo de <em>Acequia<\/em> y el documental se estren&oacute; el 26 de agosto del a&ntilde;o pasado, en el marco del 101 aniversario del nacimiento del escritor.<\/p>\n<p>El productor general Jorge Sevilla destac&oacute;, en una entrevista realizada junto a Paloma Correas, el trabajo realizado por todos los integrantes del canal y todo el equipo involucrado en la realizaci&oacute;n. El documental se podr&aacute; volver a ver el s&aacute;bado 28 de mayo a las 22 por <em>Acequia<\/em> y se encuentra disponible tambi&eacute;n en el canal de Youtube de <em>Acequia<\/em>.<\/p>\n<p><strong>Cort&aacute;zar en Mendoza<\/strong><\/p>\n<p>Ser&aacute; transmitido el s&aacute;bado 28, a las 22, por <em>Acequia<\/em>, canal 29.1 TDA \/ 11 Supercanal \/www.acequia.tv<\/p>\n<p>Link al documental completo: https:\/\/www.youtube.com\/watch?v=aOLnhRK5u4Q<br>\nEntrevista a Jorge Sevilla (productor general) y Paloma Correas (guionista):https:\/\/www.youtube.com\/watch?v=yXKmeXJSgwc<\/p>\n<p>Ficha T&eacute;cnica &ndash; <em>Cort&aacute;zar en Mendoza<\/em><\/p>\n<p>Direcci&oacute;n: Santiago Esteves y Federico Cardone.<br>\nGui&oacute;n: Paloma Correas, sobre una investigaci&oacute;n &ldquo;Cort&aacute;zar en Mendoza. Un encuentro crucial&rdquo;, de Jaime Correas.<br>\nProducci&oacute;n: Jorge Sevilla, Diego Ruggeri, Lula Puebla y Damaris Rend&oacute;n.<br>\nProducci&oacute;n General: Canal Acequia.<br>\nA&ntilde;o: 2015.<br>\nTrailer: https:\/\/www.youtube.com\/watch?v=EDPfNbGnopE.<\/p>\n<\/body><\/html>\n","protected":false},"excerpt":{"rendered":"Despu\u00e9s de haber sido el canal m\u00e1s nominado en  2015 pero no ganar ninguna estatuilla, este a\u00f1o Acequia logr\u00f3 por primera vez el m\u00e1ximo galard\u00f3n de la televisi\u00f3n argentina con el documental \u201cCort\u00e1zar en Mendoza\u201d.\n\u00a0","protected":false},"author":3,"featured_media":56773,"comment_status":"open","ping_status":"open","sticky":false,"template":"","format":"standard","meta":[],"categories":[19],"tags":[],"_links":{"self":[{"href":"https:\/\/www.mendoza.gov.ar\/prensa\/wp-json\/wp\/v2\/posts\/56771"}],"collection":[{"href":"https:\/\/www.mendoza.gov.ar\/prensa\/wp-json\/wp\/v2\/posts"}],"about":[{"href":"https:\/\/www.mendoza.gov.ar\/prensa\/wp-json\/wp\/v2\/types\/post"}],"author":[{"embeddable":true,"href":"https:\/\/www.mendoza.gov.ar\/prensa\/wp-json\/wp\/v2\/users\/3"}],"replies":[{"embeddable":true,"href":"https:\/\/www.mendoza.gov.ar\/prensa\/wp-json\/wp\/v2\/comments?post=56771"}],"version-history":[{"count":0,"href":"https:\/\/www.mendoza.gov.ar\/prensa\/wp-json\/wp\/v2\/posts\/56771\/revisions"}],"wp:featuredmedia":[{"embeddable":true,"href":"https:\/\/www.mendoza.gov.ar\/prensa\/wp-json\/wp\/v2\/media\/56773"}],"wp:attachment":[{"href":"https:\/\/www.mendoza.gov.ar\/prensa\/wp-json\/wp\/v2\/media?parent=56771"}],"wp:term":[{"taxonomy":"category","embeddable":true,"href":"https:\/\/www.mendoza.gov.ar\/prensa\/wp-json\/wp\/v2\/categories?post=56771"},{"taxonomy":"post_tag","embeddable":true,"href":"https:\/\/www.mendoza.gov.ar\/prensa\/wp-json\/wp\/v2\/tags?post=56771"}],"curies":[{"name":"wp","href":"https:\/\/api.w.org\/{rel}","templated":true}]}}