{"id":56857,"date":"2016-05-24T18:09:15","date_gmt":"2016-05-24T21:09:15","guid":{"rendered":"http:\/\/prensa.mendoza.gov.ar\/?p=56857"},"modified":"2016-05-24T18:09:15","modified_gmt":"2016-05-24T21:09:15","slug":"con-carbonada-criolla-se-realizo-una-nueva-clase-de-cocina-en-el-mercado-de-la-terminal","status":"publish","type":"post","link":"https:\/\/www.mendoza.gov.ar\/prensa\/con-carbonada-criolla-se-realizo-una-nueva-clase-de-cocina-en-el-mercado-de-la-terminal\/","title":{"rendered":"Con carbonada criolla, se realiz\u00f3 una nueva clase de cocina en el Mercado de la Terminal"},"content":{"rendered":"<!DOCTYPE html PUBLIC \"-\/\/W3C\/\/DTD HTML 4.0 Transitional\/\/EN\" \"http:\/\/www.w3.org\/TR\/REC-html40\/loose.dtd\">\n<html><body><p>Una carbonada bien sabrosa con zapallo, pimientos, cebollas, zanahorias, tomates, carne, damascos secos y bien condimentados con sal, pimienta, aj&iacute; molido, or&eacute;gano laurel prepararon docentes y alumnos del CCT &ldquo;Supervisora Aurora Ester Jim&eacute;nez&rdquo; de Maip&uacute;.<\/p>\n<p>&ldquo;Me gusta mucho participar en estas actividades y, adem&aacute;s, esta carbonada est&aacute; riqu&iacute;sima&rdquo;, destac&oacute; Graciela Mansilla, clienta del mercado que presenci&oacute; la clase. &ldquo;No me decid&iacute;a a preparar esta comida para el 25 porque no ten&iacute;a muy en claro la receta, pero la cocinera la explic&oacute; muy bien, los ingredientes no son caros y son&nbsp;f&aacute;ciles de conseguir&rdquo;, agreg&oacute; Mar&iacute;a Manuela Beltr&aacute;n, una entrerriana que hace cinco a&ntilde;os vive, junto a su esposo, en nuestra provincia.<\/p>\n<p>M&oacute;nica Garc&iacute;a, profesora de gastronom&iacute;a a cargo de la clase, explic&oacute; varias claves para hace bien la&nbsp;carbonada y destac&oacute; que ella le agregaba queso blando porque &ldquo;le suma suavidad y sabor a este guiso&rdquo;. Tambi&eacute;n aconsej&oacute; maridar con un buen vino tinto, como malbec o cabernet sauvignon.<\/p>\n<p>&ldquo;Esta comida, junto con el locro &ndash;agreg&oacute; la profesional&ndash; se come en todo el pa&iacute;s, especialmente en las fiestas patrias.&nbsp;Tambi&eacute;n se consume en gran parte de los pa&iacute;ses andinos. Contiene muchos nutrientes y es ideal para degustar en los meses de fr&iacute;o&rdquo;.<\/p>\n<p>Por su parte, Francisco Angelini, gerente del mercado, indic&oacute;: &ldquo;Promovemos estas actividades porque queremos que, adem&aacute;s de comprar, nuestros clientes disfruten de un momento de esparcimiento y ampl&iacute;en sus conocimientos para cocinar m&aacute;s variado y saludable&rdquo;.<\/p>\n<p>Adriana Mu&ntilde;iz, de &ldquo;365 Tentaciones&rdquo;, el programa de promoci&oacute;n de la cartera econ&oacute;mica, afirm&oacute;:&nbsp;&ldquo;Seguimos trabajamos en la organizaci&oacute;n de estos encuentros y coordinando los esfuerzos de los distintos organismos que participan; en el siglo XXI, la gesti&oacute;n de promoci&oacute;n en relaci&oacute;n a la econom&iacute;a es imprescindible&rdquo;.<\/p>\n<p>Cabe destacar que las clases de cocina, junto con degustaciones de distintos productos y catas de vinos y aceites, se realizar&aacute;n quincenalmente en lo que resta del a&ntilde;o, algunas de ellas en conjunto con los municipios para promocionar alimentos espec&iacute;ficos de cada regi&oacute;n.<\/p>\n<\/body><\/html>\n","protected":false},"excerpt":{"rendered":"La actividad se realiz\u00f3 en adhesi\u00f3n a los festejos del 25 de Mayo y forma parte del ciclo de clases de cocina que lleva adelante el Ministerio de Econom\u00eda, Infraestructura y Energ\u00eda. La elaboraci\u00f3n\u00a0 estuvo a cargo de los Centros de Capacitaci\u00f3n para el Trabajo  de la Direcci\u00f3n de Educaci\u00f3n T\u00e9cnica y Trabajo de la DGE.","protected":false},"author":3,"featured_media":56858,"comment_status":"open","ping_status":"open","sticky":false,"template":"","format":"standard","meta":[],"categories":[1],"tags":[],"_links":{"self":[{"href":"https:\/\/www.mendoza.gov.ar\/prensa\/wp-json\/wp\/v2\/posts\/56857"}],"collection":[{"href":"https:\/\/www.mendoza.gov.ar\/prensa\/wp-json\/wp\/v2\/posts"}],"about":[{"href":"https:\/\/www.mendoza.gov.ar\/prensa\/wp-json\/wp\/v2\/types\/post"}],"author":[{"embeddable":true,"href":"https:\/\/www.mendoza.gov.ar\/prensa\/wp-json\/wp\/v2\/users\/3"}],"replies":[{"embeddable":true,"href":"https:\/\/www.mendoza.gov.ar\/prensa\/wp-json\/wp\/v2\/comments?post=56857"}],"version-history":[{"count":0,"href":"https:\/\/www.mendoza.gov.ar\/prensa\/wp-json\/wp\/v2\/posts\/56857\/revisions"}],"wp:featuredmedia":[{"embeddable":true,"href":"https:\/\/www.mendoza.gov.ar\/prensa\/wp-json\/wp\/v2\/media\/56858"}],"wp:attachment":[{"href":"https:\/\/www.mendoza.gov.ar\/prensa\/wp-json\/wp\/v2\/media?parent=56857"}],"wp:term":[{"taxonomy":"category","embeddable":true,"href":"https:\/\/www.mendoza.gov.ar\/prensa\/wp-json\/wp\/v2\/categories?post=56857"},{"taxonomy":"post_tag","embeddable":true,"href":"https:\/\/www.mendoza.gov.ar\/prensa\/wp-json\/wp\/v2\/tags?post=56857"}],"curies":[{"name":"wp","href":"https:\/\/api.w.org\/{rel}","templated":true}]}}