{"id":56916,"date":"2016-05-25T19:22:33","date_gmt":"2016-05-25T22:22:33","guid":{"rendered":"http:\/\/prensa.mendoza.gov.ar\/?p=56916"},"modified":"2016-05-25T19:22:33","modified_gmt":"2016-05-25T22:22:33","slug":"cornejo-tenemos-que-imitar-lo-mejor-de-nuestros-proceres","status":"publish","type":"post","link":"https:\/\/www.mendoza.gov.ar\/prensa\/cornejo-tenemos-que-imitar-lo-mejor-de-nuestros-proceres\/","title":{"rendered":"Cornejo: \u201cTenemos que imitar lo mejor de nuestros pr\u00f3ceres\u201d"},"content":{"rendered":"<!DOCTYPE html PUBLIC \"-\/\/W3C\/\/DTD HTML 4.0 Transitional\/\/EN\" \"http:\/\/www.w3.org\/TR\/REC-html40\/loose.dtd\">\n<html><body><p>Bajo el sol sure&ntilde;o, el Gobernador Alfredo Cornejo particip&oacute;&nbsp;en&nbsp;los actos oficiales del 25 de Mayo en conmemoraci&oacute;n del 206 Aniversario del nacimiento de la Patria, en San Rafael. El mandatario asegur&oacute;: &ldquo;Tenemos un pa&iacute;s que figura en el mundo pero tenemos que mejorar, tenemos que imitar lo mejor de nuestros pr&oacute;ceres, debemos aprender de sus errores y no repetirlos&rdquo;.<\/p>\n<p>Anunci&oacute; que mandar&aacute; un proyecto de ley para que a las personas&nbsp;que tienen varias causas en tr&aacute;mite en distintos juzgados se les unifiquen los expedientes en un solo tribunal. Esta unificaci&oacute;n de causas les dificultar&aacute; seguir libres durante el proceso.<\/p>\n<p>&ldquo;La Argentina atraviesa momentos de cambios econ&oacute;micos dif&iacute;ciles y necesarios&rdquo;, explic&oacute;. Y sostuvo que aunque es un trabajo arduo, est&aacute; empe&ntilde;ado en sacar a Mendoza adelante. Luego renov&oacute; su apuesta al di&aacute;logo entre los mendocinos y los argentinos, afirm&oacute; que con trabajo y el esfuerzo&nbsp; de todos podemos recuperar la provincia. &ldquo;Porque el individuo no se salva solo sino en proyectos colectivos&rdquo;, manifest&oacute; Cornejo.<\/p>\n<p>Asegur&oacute; que se est&aacute;n reactivando obras en la provincia y record&oacute; que la obra del Fuerte 25 de Mayo que estaba paralizada se reactiv&oacute; hace pocos d&iacute;as y se comprometi&oacute; a &ldquo;tener terminada esta obra a fin de a&ntilde;o y que sea un atractivo cultural de esta villa y de nuestra historia&rdquo;.<\/p>\n<p>&ldquo;Hemos tenido par&aacute;lisis en muchos aspectos y estamos empe&ntilde;ados en sacarlos adelante&rdquo;, dijo, y en ese sentido explic&oacute; que no s&oacute;lo se est&aacute;n reactivando obras sino que se est&aacute;n proyectando nuevas y pidi&oacute; a los ciudadanos paciencia y comprensi&oacute;n, puesto que no hay recursos pero de a poco y sin pausa se realizar&aacute;n las obras.<\/p>\n<p>Se est&aacute; haciendo un gran esfuerzo para aprovechar los recursos y se est&aacute;n logrando importantes cosas en materia de educaci&oacute;n. Tambi&eacute;n se est&aacute; trabajando en salud y en seguridad, organizando mejor los recursos en todos los lugares, manifest&oacute; el mandatario, y dio su palabra de que en el Sur tambi&eacute;n se va a trabajar fuertemente en estos temas<\/p>\n<p>&ldquo;Apuntamos a un Estado mucho m&aacute;s fuerte, un Estado inteligente, que cumpla la ley, que preserve la administraci&oacute;n eficaz y eficiente de la Justicia y la tarea policial de prevenci&oacute;n y represi&oacute;n del delito cuando haga falta&rdquo;, expres&oacute; el Gobernador.<\/p>\n<p>Luego afirm&oacute;: &ldquo;Estamos empe&ntilde;ados en que se cumplan los plazos del proyecto ejecutivo del Paso Las Le&ntilde;as, en menos de dos&nbsp;a&ntilde;os, como firmamos con Chile y con el Gobierno nacional&rdquo;<\/p>\n<p>Otro de los puntos importantes que toc&oacute; el mandatario fue el reclamo, en conjunto con legisladores y el intendente, de las regal&iacute;as hidroel&eacute;ctricas que le pertenecen a la provincia y al departamento y que desde hace d&eacute;cadas no se cobran.<\/p>\n<p>Asimismo, valoriz&oacute; la zona cuando coment&oacute; que la elecci&oacute;n de San Rafael como lugar del acto central de la Revoluci&oacute;n de Mayo tiene que ver con una promesa hecha a los vecinos de la localidad de que si era electo gobernador volver&iacute;a a la Villa 25 de Mayo. &ldquo;Tomamos el recaudo de hacer los festejos en este pueblo que representa fielmente la gesta, no s&oacute;lo por su nombre sino tambi&eacute;n por su historia&rdquo;, expres&oacute;.<\/p>\n<p>Para finalizar, el Gobernador de los mendocinos expres&oacute; un emotivo &ldquo;&iexcl;Viva la Patria!&rdquo; que fue aplaudido y respondido por todos los presentes.<\/p>\n<p>En tanto, el intendente, Emir Felix agradeci&oacute; a Cornejo por elegir el departamento sure&ntilde;o para los actos oficiales y afirm&oacute; que en un d&iacute;a como hoy &ldquo;dejamos de lado las diferencias para vestirnos del mismo color, el color de la patria&rdquo;<\/p>\n<p>En&nbsp;el&nbsp; acto oficial, que se realiz&oacute; en el Predio Adyacente al Fuerte San Rafael del Diamante, participaron junto al Gobernador, la vicegobernadora, Laura Montero; el ministro de Hacienda, Mart&iacute;n Kerchner; el ministro de Econom&iacute;a, Infraestructura y Energ&iacute;a, Enrique Vaqui&eacute;, y el intendente de San Rafael, Emir F&eacute;lix, entre otros funcionarios y vecinos de la zona.<\/p>\n<p><strong>Toque de Diana<\/strong><\/p>\n<p>A las 8 de la ma&ntilde;ana, como ya es tradici&oacute;n en los mendocinos, el Gobernador Alfredo Cornejo recibi&oacute; la &ldquo;Diana de Gloria&rdquo;&nbsp;en su domicilio&nbsp; junto a su gabinete y al intendente de Godoy Cruz, Tadeo Garc&iacute;a Zalazar, en este nuevo festejo del 206 aniversario de la Revoluci&oacute;n de Mayo.<\/p>\n<\/body><\/html>\n","protected":false},"excerpt":{"rendered":"As\u00ed lo dijo el Gobernador durante la celebraci\u00f3n del 206 aniversario de la Revoluci\u00f3n de Mayo en San Rafael. All\u00ed anunci\u00f3 un proyecto de ley para unificar causas.","protected":false},"author":3,"featured_media":56918,"comment_status":"open","ping_status":"open","sticky":false,"template":"","format":"standard","meta":[],"categories":[19],"tags":[],"_links":{"self":[{"href":"https:\/\/www.mendoza.gov.ar\/prensa\/wp-json\/wp\/v2\/posts\/56916"}],"collection":[{"href":"https:\/\/www.mendoza.gov.ar\/prensa\/wp-json\/wp\/v2\/posts"}],"about":[{"href":"https:\/\/www.mendoza.gov.ar\/prensa\/wp-json\/wp\/v2\/types\/post"}],"author":[{"embeddable":true,"href":"https:\/\/www.mendoza.gov.ar\/prensa\/wp-json\/wp\/v2\/users\/3"}],"replies":[{"embeddable":true,"href":"https:\/\/www.mendoza.gov.ar\/prensa\/wp-json\/wp\/v2\/comments?post=56916"}],"version-history":[{"count":0,"href":"https:\/\/www.mendoza.gov.ar\/prensa\/wp-json\/wp\/v2\/posts\/56916\/revisions"}],"wp:featuredmedia":[{"embeddable":true,"href":"https:\/\/www.mendoza.gov.ar\/prensa\/wp-json\/wp\/v2\/media\/56918"}],"wp:attachment":[{"href":"https:\/\/www.mendoza.gov.ar\/prensa\/wp-json\/wp\/v2\/media?parent=56916"}],"wp:term":[{"taxonomy":"category","embeddable":true,"href":"https:\/\/www.mendoza.gov.ar\/prensa\/wp-json\/wp\/v2\/categories?post=56916"},{"taxonomy":"post_tag","embeddable":true,"href":"https:\/\/www.mendoza.gov.ar\/prensa\/wp-json\/wp\/v2\/tags?post=56916"}],"curies":[{"name":"wp","href":"https:\/\/api.w.org\/{rel}","templated":true}]}}