{"id":56919,"date":"2016-05-25T20:38:19","date_gmt":"2016-05-25T23:38:19","guid":{"rendered":"http:\/\/prensa.mendoza.gov.ar\/?p=56919"},"modified":"2016-05-25T20:38:19","modified_gmt":"2016-05-25T23:38:19","slug":"ambiente-denuncia-en-la-fiscalia-de-delitos-complejos-ataques-a-un-hipopotamo-del-zoologico","status":"publish","type":"post","link":"https:\/\/www.mendoza.gov.ar\/prensa\/ambiente-denuncia-en-la-fiscalia-de-delitos-complejos-ataques-a-un-hipopotamo-del-zoologico\/","title":{"rendered":"Ambiente denuncia en la Fiscal\u00eda de Delitos Complejos ataques a un hipop\u00f3tamo del Zool\u00f3gico"},"content":{"rendered":"<!DOCTYPE html PUBLIC \"-\/\/W3C\/\/DTD HTML 4.0 Transitional\/\/EN\" \"http:\/\/www.w3.org\/TR\/REC-html40\/loose.dtd\">\n<html><body><p>La directora del Zool&oacute;gico provincial, Mariana Caram, se encontraba ayer realizando el rond&iacute;n diario que habitualmente hace por todo el predio. Al dirigirse puntualmente al &aacute;rea de los hipop&oacute;tamos, en el recinto denominado &ldquo;derecho&rdquo;, descubri&oacute; al mam&iacute;fero (hembra) debilitado y con diferentes heridas en el dorso izquierdo y derecho de su cuerpo.<\/p>\n<p>De inmediato, Caram se comunic&oacute; con la jefa del Cuerpo M&eacute;dico Veterinario del Zool&oacute;gico para realizar las consultas correspondientes y dar a conocer la situaci&oacute;n del animal, pero la veterinaria ya estaba al tanto y adem&aacute;s minimiz&oacute; el asunto manifest&aacute;ndole que eran heridas leves y peque&ntilde;as. A todo esto se suma el hecho de que el mismo personal de veterinarios del Zool&oacute;gico no la puso en conocimiento de lo que estaba sucediendo.<\/p>\n<p>Las autoridades de la Secretar&iacute;a de Ambiente y Ordenamiento Territorial decidieron reunirse de inmediato para ponerse en conocimiento del problema y con el aval del Gobernador se tom&oacute; la decisi&oacute;n de autorizar el ingreso de dos m&eacute;dicos veterinarios externos a que analizaran las lesiones que presentaba el mam&iacute;fero.<\/p>\n<p>De este modo, la m&eacute;dica veterinaria Jennifer Ibarra y su par Federico Correa manifestaron que las lesiones que encontraron en el animal no son normales en los hipop&oacute;tamos y pueden ser causadas intencionalmente, ya que las heridas presentan dudas de ser producidas por elementos punzantes y, entre otras, de bala.<\/p>\n<p><a href=\"https:\/\/www.mendoza.gov.ar\/prensa\/wp-content\/uploads\/sites\/23\/DSCN0539.jpg\"><img loading=\"lazy\" class=\"alignnone  wp-image-56921 img-responsive center-block\" src=\"https:\/\/www.mendoza.gov.ar\/prensa\/wp-content\/uploads\/sites\/23\/DSCN0539.jpg\" alt=\"\" width=\"583\" height=\"328\"><\/a><\/p>\n<p><strong>Procedimiento<\/strong><\/p>\n<p>Ante los an&aacute;lisis de los especialistas, el jefe de Gabinete de la secretar&iacute;a de Ambiente, Eduardo Sosa, present&oacute; en las &uacute;ltimas horas la denuncia en la Fiscal&iacute;a de Delitos Complejos, a cargo de la fiscal Claudia R&iacute;os, para que se inicie una investigaci&oacute;n en la causa.<\/p>\n<p>El personal de seguridad notific&oacute; hoy (y nuevamente no fue comunicado por el cuerpo de veterinarios) a la Direcci&oacute;n del Zool&oacute;gico que se encontraron dos ovejas somal&iacute;es y una cr&iacute;a muertas por posibles causas de &ldquo;shock, hiporeflexia y adinamia&rdquo;. Por el momento, se est&aacute;n tomando muestras para ser analizadas y luego comunicadas. Adem&aacute;s, se investiga la posible muerte de tres animales m&aacute;s que fueron reportadas por el personal de seguridad del paseo, pero hasta el momento no han sido verificadas de manera oficial.<\/p>\n<\/body><\/html>\n","protected":false},"excerpt":{"rendered":"En uno de los rondines diarios que realiza la directora por el paseo, encontr\u00f3 al animal sangrando y con cicatrices que indicar\u00edan un posible ataque con elementos punzantes y herida de bala. El hecho no fue notificado por el personal veterinario. Adem\u00e1s hay tres nuevas muertes que tampoco fueron informadas.","protected":false},"author":3,"featured_media":56920,"comment_status":"open","ping_status":"open","sticky":false,"template":"","format":"standard","meta":[],"categories":[3],"tags":[],"_links":{"self":[{"href":"https:\/\/www.mendoza.gov.ar\/prensa\/wp-json\/wp\/v2\/posts\/56919"}],"collection":[{"href":"https:\/\/www.mendoza.gov.ar\/prensa\/wp-json\/wp\/v2\/posts"}],"about":[{"href":"https:\/\/www.mendoza.gov.ar\/prensa\/wp-json\/wp\/v2\/types\/post"}],"author":[{"embeddable":true,"href":"https:\/\/www.mendoza.gov.ar\/prensa\/wp-json\/wp\/v2\/users\/3"}],"replies":[{"embeddable":true,"href":"https:\/\/www.mendoza.gov.ar\/prensa\/wp-json\/wp\/v2\/comments?post=56919"}],"version-history":[{"count":0,"href":"https:\/\/www.mendoza.gov.ar\/prensa\/wp-json\/wp\/v2\/posts\/56919\/revisions"}],"wp:featuredmedia":[{"embeddable":true,"href":"https:\/\/www.mendoza.gov.ar\/prensa\/wp-json\/wp\/v2\/media\/56920"}],"wp:attachment":[{"href":"https:\/\/www.mendoza.gov.ar\/prensa\/wp-json\/wp\/v2\/media?parent=56919"}],"wp:term":[{"taxonomy":"category","embeddable":true,"href":"https:\/\/www.mendoza.gov.ar\/prensa\/wp-json\/wp\/v2\/categories?post=56919"},{"taxonomy":"post_tag","embeddable":true,"href":"https:\/\/www.mendoza.gov.ar\/prensa\/wp-json\/wp\/v2\/tags?post=56919"}],"curies":[{"name":"wp","href":"https:\/\/api.w.org\/{rel}","templated":true}]}}