{"id":56953,"date":"2016-05-26T10:48:48","date_gmt":"2016-05-26T13:48:48","guid":{"rendered":"http:\/\/prensa.mendoza.gov.ar\/?p=56953"},"modified":"2016-05-26T10:48:48","modified_gmt":"2016-05-26T13:48:48","slug":"siete-proyectos-locales-seran-financiados-por-el-ministerio-de-ciencia-tecnologia-e-innovacion","status":"publish","type":"post","link":"https:\/\/www.mendoza.gov.ar\/prensa\/siete-proyectos-locales-seran-financiados-por-el-ministerio-de-ciencia-tecnologia-e-innovacion\/","title":{"rendered":"Siete proyectos locales ser\u00e1n financiados por el Ministerio de Ciencia, Tecnolog\u00eda e Innovaci\u00f3n"},"content":{"rendered":"<!DOCTYPE html PUBLIC \"-\/\/W3C\/\/DTD HTML 4.0 Transitional\/\/EN\" \"http:\/\/www.w3.org\/TR\/REC-html40\/loose.dtd\">\n<html><body><p>El Ministerio de Econom&iacute;a, Infraestructura y Energ&iacute;a recibir&aacute;n esta semana&nbsp;a t&eacute;cnicos del Consejo Federal de Ciencia y Tecnolog&iacute;a (Cofecyt), que&nbsp;realizar&aacute;n diversas actividades en nuestra provincia.<\/p>\n<div>En primera instancia, hoy jueves 26, a partir de las 9.30, en La&nbsp;Enoteca, se realizar&aacute; la &ldquo;Capacitaci&oacute;n en gesti&oacute;n, administraci&oacute;n y monitorio de proyectos&rdquo;, iniciativa enmarcada en el Programa Nacional de&nbsp;Federalizaci&oacute;n de la Ciencia y la Tecnolog&iacute;a 2016.<\/div>\n<div>Dentro de este encuentro se presentar&aacute;n los proyectos y se contar&aacute; con un&nbsp;espacio donde las UVT (unidades de vinculaci&oacute;n tecnol&oacute;gica) o los&nbsp;beneficiarios directos podr&aacute;n conocer herramientas para la resoluci&oacute;n de&nbsp;dificultades en la ejecuci&oacute;n de sus proyectos.&nbsp;En relaci&oacute;n con&nbsp;las visitas que realizar&aacute;n a los proyectos, los elegidos&nbsp;ser&aacute;n:<\/div>\n<div><\/div>\n<div>&ndash;&nbsp;&nbsp;&nbsp; &ldquo;Implementaci&oacute;n de una unidad de producci&oacute;n y &nbsp;servicios para la&nbsp;producci&oacute;n de leche de cabras&rdquo;, en Lavalle.<br>\n&ndash;&nbsp;&nbsp;&nbsp; &ldquo;Modelo de predicci&oacute;n de heladas y granizo, fen&oacute;menos meteorol&oacute;gicos&nbsp;regionales&rdquo;, en Ciudad.<br>\n&ndash;&nbsp;&nbsp;&nbsp; &ldquo;Patrimonio sanmartiniano: un aporte a la promoci&oacute;n del turismo cultural&rdquo;, en Ciudad<br>\n&ndash;&nbsp;&nbsp;&nbsp; &ldquo;Remediaci&oacute;n de suelos agr&iacute;colas con minerales naturales&rdquo;, en Ciudad.<br>\n&ndash;&nbsp;&nbsp;&nbsp; &ldquo;Tratamiento y reutilizaci&oacute;n de aceites vegetales&rdquo;, en Godoy Cruz<br>\n&ndash;&nbsp;&nbsp;&nbsp; &ldquo;Optimizaci&oacute;n en la producci&oacute;n y distribuci&oacute;n de agua potable&rdquo;, en Luj&aacute;n de Cuyo.<br>\n&ndash;&nbsp;&nbsp;&nbsp; &ldquo;Tecnolog&iacute;as para el saneamiento ambiental provocado por los residuos&nbsp;del sector ajero&rdquo;, en San Carlos<\/div>\n<div><\/div>\n<div>Para m&aacute;s&nbsp;informaci&oacute;n y confirmaci&oacute;n de asistencia a la capacitaci&oacute;n, los interesados podr&aacute;n comunicarse con la Direcci&oacute;n de Desarrollo Tecnol&oacute;gico y Empleo del&nbsp;Ministerio de Econom&iacute;a al tel&eacute;fono (0261) 4492534.<\/div>\n<\/body><\/html>\n","protected":false},"excerpt":{"rendered":"T\u00e9cnicos del organismo nacional estar\u00e1n en la provincia este jueves 26 y\u00a0viernes 27 para dar una capacitaci\u00f3n y recorrer proyectos que se\u00a0financiaron en Mendoza.","protected":false},"author":3,"featured_media":0,"comment_status":"open","ping_status":"open","sticky":false,"template":"","format":"standard","meta":[],"categories":[1],"tags":[],"_links":{"self":[{"href":"https:\/\/www.mendoza.gov.ar\/prensa\/wp-json\/wp\/v2\/posts\/56953"}],"collection":[{"href":"https:\/\/www.mendoza.gov.ar\/prensa\/wp-json\/wp\/v2\/posts"}],"about":[{"href":"https:\/\/www.mendoza.gov.ar\/prensa\/wp-json\/wp\/v2\/types\/post"}],"author":[{"embeddable":true,"href":"https:\/\/www.mendoza.gov.ar\/prensa\/wp-json\/wp\/v2\/users\/3"}],"replies":[{"embeddable":true,"href":"https:\/\/www.mendoza.gov.ar\/prensa\/wp-json\/wp\/v2\/comments?post=56953"}],"version-history":[{"count":0,"href":"https:\/\/www.mendoza.gov.ar\/prensa\/wp-json\/wp\/v2\/posts\/56953\/revisions"}],"wp:attachment":[{"href":"https:\/\/www.mendoza.gov.ar\/prensa\/wp-json\/wp\/v2\/media?parent=56953"}],"wp:term":[{"taxonomy":"category","embeddable":true,"href":"https:\/\/www.mendoza.gov.ar\/prensa\/wp-json\/wp\/v2\/categories?post=56953"},{"taxonomy":"post_tag","embeddable":true,"href":"https:\/\/www.mendoza.gov.ar\/prensa\/wp-json\/wp\/v2\/tags?post=56953"}],"curies":[{"name":"wp","href":"https:\/\/api.w.org\/{rel}","templated":true}]}}