{"id":57059,"date":"2016-05-27T09:33:43","date_gmt":"2016-05-27T12:33:43","guid":{"rendered":"http:\/\/prensa.mendoza.gov.ar\/?p=57059"},"modified":"2016-05-27T09:33:43","modified_gmt":"2016-05-27T12:33:43","slug":"espacio-osep-en-el-decimo-congreso-de-cirugia-bariatrica","status":"publish","type":"post","link":"https:\/\/www.mendoza.gov.ar\/prensa\/espacio-osep-en-el-decimo-congreso-de-cirugia-bariatrica\/","title":{"rendered":"&quot;Espacio OSEP&quot; en el D\u00e9cimo Congreso de Cirug\u00eda Bari\u00e1trica"},"content":{"rendered":"<!DOCTYPE html PUBLIC \"-\/\/W3C\/\/DTD HTML 4.0 Transitional\/\/EN\" \"http:\/\/www.w3.org\/TR\/REC-html40\/loose.dtd\">\n<html><body><p>En el marco del D&eacute;cimo Congreso de Cirug&iacute;a Bari&aacute;trica y Metab&oacute;lica&nbsp;que se realiza en el hotel Intercontinental, se present&oacute; &ldquo;Espacio&nbsp;OSEP&rdquo;, &nbsp;una iniciativa de la Obra Social de Empleados P&uacute;blicos en la que se desarrollan temas relacionados con la prevenci&oacute;n. En esta oportunidad, el eje central fue la obesidad.<\/p>\n<p>En la apertura del Espacio OSEP, estuvieron presentes Pablo Omelanzuk, quien&nbsp;agradeci&oacute; el aporte profesional que realiza la obra social para poder llevar a cabo el congreso. Acto seguido, el titular de obra social, Sergio Vergara, record&oacute; que OSEP&nbsp;viene trabajando desde hace mucho tiempo en el tema de la obesidad, especialmente en el aspecto preventivo.<\/p>\n<p>A continuaci&oacute;n comenz&oacute; una serie de charlas, entre ellas: &ldquo;Epidemiolog&iacute;a de la obesidad&rdquo;, &ldquo;Obesidad como enfermedad&rdquo;, &ldquo;&iquest;De qu&eacute; se trata cuando hablamos de obesidad?&rdquo;, &ldquo;Curva de descenso de peso y adherencia al tratamiento&rdquo;, &ldquo;Abordaje de la ley de obesidad en el Hospital del Camen y Virgen de la Misericordia&rdquo; y &ldquo;Cirug&iacute;a bari&aacute;trica. Momento quir&uacute;rgico&rdquo;.<\/p>\n<p>Para hoy, viernes&nbsp;27, de 11.30 a 13.30, en el sal&oacute;n Los Cerros I del hotel Intercontinental, continuar&aacute; el Espacio OSEP con los siguientes temas: &ldquo;Diabesidad&rdquo;, &ldquo;Normoglucemiantes. Insulina y peso&rdquo;, &ldquo;Obesidad y c&aacute;ncer&rdquo;, &ldquo;Obesidad obst&eacute;trica y efectos fetales&rdquo;, &ldquo;Diabetes gestacional y preconcepcional&rdquo;, &ldquo;Obesidad en la adolescencia&rdquo; y &ldquo;Embarazo posbari&aacute;trico:&nbsp;&iquest;hay riesgo?<\/p>\n<\/body><\/html>\n","protected":false},"excerpt":{"rendered":"En el marco de esta propuesta se desarrollan temas relacionados con la prevenci\u00f3n. En esta oportunidad el eje central fue la obesidad.","protected":false},"author":3,"featured_media":0,"comment_status":"open","ping_status":"open","sticky":false,"template":"","format":"standard","meta":[],"categories":[30],"tags":[],"_links":{"self":[{"href":"https:\/\/www.mendoza.gov.ar\/prensa\/wp-json\/wp\/v2\/posts\/57059"}],"collection":[{"href":"https:\/\/www.mendoza.gov.ar\/prensa\/wp-json\/wp\/v2\/posts"}],"about":[{"href":"https:\/\/www.mendoza.gov.ar\/prensa\/wp-json\/wp\/v2\/types\/post"}],"author":[{"embeddable":true,"href":"https:\/\/www.mendoza.gov.ar\/prensa\/wp-json\/wp\/v2\/users\/3"}],"replies":[{"embeddable":true,"href":"https:\/\/www.mendoza.gov.ar\/prensa\/wp-json\/wp\/v2\/comments?post=57059"}],"version-history":[{"count":0,"href":"https:\/\/www.mendoza.gov.ar\/prensa\/wp-json\/wp\/v2\/posts\/57059\/revisions"}],"wp:attachment":[{"href":"https:\/\/www.mendoza.gov.ar\/prensa\/wp-json\/wp\/v2\/media?parent=57059"}],"wp:term":[{"taxonomy":"category","embeddable":true,"href":"https:\/\/www.mendoza.gov.ar\/prensa\/wp-json\/wp\/v2\/categories?post=57059"},{"taxonomy":"post_tag","embeddable":true,"href":"https:\/\/www.mendoza.gov.ar\/prensa\/wp-json\/wp\/v2\/tags?post=57059"}],"curies":[{"name":"wp","href":"https:\/\/api.w.org\/{rel}","templated":true}]}}