{"id":57112,"date":"2016-05-28T10:00:53","date_gmt":"2016-05-28T13:00:53","guid":{"rendered":"http:\/\/prensa.mendoza.gov.ar\/?p=57112"},"modified":"2016-05-28T10:00:53","modified_gmt":"2016-05-28T13:00:53","slug":"el-gobernador-alfredo-cornejo-brindo-una-nota-al-medio-digital-latin-finance","status":"publish","type":"post","link":"https:\/\/www.mendoza.gov.ar\/prensa\/el-gobernador-alfredo-cornejo-brindo-una-nota-al-medio-digital-latin-finance\/","title":{"rendered":"El Gobernador Alfredo Cornejo brind\u00f3 una nota al medio digital Latin Finance"},"content":{"rendered":"<!DOCTYPE html PUBLIC \"-\/\/W3C\/\/DTD HTML 4.0 Transitional\/\/EN\" \"http:\/\/www.w3.org\/TR\/REC-html40\/loose.dtd\">\n<html><body><p>En un canal de Youtube, el medio digital <em>Latin Financ<\/em>e de Estados Unidos public&oacute; una <a href=\"https:\/\/www.youtube.com\/watch?v=kgo5mgmt6_0\" target=\"_blank\">nota realizada al Gobernador Mendoza<\/a>.&nbsp;En la entrevista, Cornejo explic&oacute; que las &ldquo;Prioridades del Gobierno de la Provincia son, por un lado, mejorar la&nbsp;<em>performance<\/em> fiscal y equilibrar nuestro presupuesto. Por otro, generar un entorno econ&oacute;mico accesible para nuevas inversiones&rdquo;. Afirm&oacute; tambi&eacute;n que para ello se realiz&oacute;&nbsp;un trabajo de reducci&oacute;n y &nbsp;optimizaci&oacute;n del gasto p&uacute;blico, para&nbsp;derivar ese dinero a infraestructura.<\/p>\n<p>Aprovechando el escenario que ofrece este medio, el Gobernador asegur&oacute; que&nbsp;Mendoza tiene una gran potencialidad vitivin&iacute;cola que es reconocida mundialmente&nbsp;y,&nbsp;fundamentalmente, el vino&nbsp;malbec. &nbsp;Habl&oacute; de la atracci&oacute;n tur&iacute;stica de&nbsp;la Cordillera de los Andes, los paisajes, la geograf&iacute;a y la industria mendocina&nbsp;y&nbsp;vinculaci&oacute;n del vino con cada una de &nbsp;las experiencias. &ldquo;Por lo tanto, ah&iacute; hemos focalizado nuestros&nbsp;principales objetivos, no s&oacute;lo para este a&ntilde;o 2016 sino para los siguientes&rdquo;, indic&oacute; Cornejo.<\/p>\n<p>En el sector petr&oacute;leo explic&oacute; que se han cambiado los contratos: &ldquo;Estamos renegociando con las empresas, achicando los plazos de exploraci&oacute;n y exigiendo cuotas de &nbsp;inversi&oacute;n m&aacute;s r&aacute;pidas en el caso de la explotaci&oacute;n. Para fin de a&ntilde;o vamos a licitar casi cincuenta a&eacute;reas petroleras nuevas&rdquo;.<\/p>\n<p>Paralelamente a ello, Cornejo habl&oacute; de energ&iacute;a solar y mencion&oacute;:&ldquo;Estamos licitando cinco&nbsp;proyectos de energ&iacute;a solar y uno e&oacute;lico en el Sur de la provincia&rdquo;. Con esto se busca energ&iacute;a autosustentable y que Mendoza sea uno de los polos energ&eacute;ticos que abastezcan a la Argentina, seg&uacute;n indic&oacute;.<\/p>\n<p>En materia tur&iacute;stica y en relaci&oacute;n con el&nbsp;aeropuerto, afirm&oacute;: &ldquo;Estamos realizando&nbsp;una gran refacci&oacute;n. Nuestro aeropuerto recibe alrededor de 18 vuelos diarios, de los cuales 5 son internacionales y agregamos&nbsp;3 vuelos semanales Mendoza-Lima, Lima-Mendoza. Para 2017 estamos agregando 4 vuelos semanales de COPA Mendoza-Panam&aacute;, Panam&aacute; -Mendoza, que nos va a dar una gran conectividad con Estados Unidos, fundamentalmente&rdquo;. Adem&aacute;s, detall&oacute; la autorizaci&oacute;n para operar una l&iacute;nea de bajo costo Skype que va a competir con Lan en el tramo Santiago de Chile-Mendoza, con un vuelo diario.<\/p>\n<p>&ldquo;Estamos buscando mayor conectividad de Mendoza con el mundo, as&iacute; poder dar a conocer sus vinos y bellezas tur&iacute;sticas&rdquo;, puntualiz&oacute; Cornejo.<\/p>\n<p>Con&nbsp;relaci&oacute;n a la econom&iacute;a, el mandatario provincial sostuvo: &ldquo;Hemos emitido un primer bono de 500 millones de d&oacute;lares que ingres&oacute;&nbsp;a nuestra cuenta en el Banco Naci&oacute;n. Apunta a sanear la problem&aacute;tica fiscal de&nbsp;la Provincia pero tambi&eacute;n a generar condiciones para una mejor infraestructura. El Estado invertir&aacute; en infraestructura, pero creemos que los&nbsp;proyectos de petr&oacute;leo, energ&iacute;a solar, &nbsp;energ&iacute;a e&oacute;lica y el turismo&nbsp;tienen que ser revalorizados por la inversi&oacute;n privada, y estamos creando las condiciones para que los inversores vengan a Mendoza&rdquo;.<\/p>\n<p>Finalmente, augur&oacute;: &ldquo;A principio de 2017 vamos a evaluar los proyectos y las condiciones macroecon&oacute;micas, y, de acuerdo con&nbsp;ello, analizaremos&nbsp;salir de nuevo al mercado y con tasas inferiores a las que tomamos&rdquo;.<\/p>\n<p>Enlace&nbsp;a la nota:&nbsp;<a href=\"https:\/\/www.youtube.com\/watch?v=kgo5mgmt6_0\">https:\/\/www.youtube.com\/watch?v=kgo5mgmt6_0<\/a>.<\/p>\n<\/body><\/html>\n","protected":false},"excerpt":{"rendered":"Latin Finance es el medio digital estadounidense que realiz\u00f3 la entrevista en la Segunda Cumbre Financiera Argentina, en Buenos Aires. Cornejo hizo hincapi\u00e9 en generar un entorno econ\u00f3mico accesible para nuevas inversiones, hablo de energ\u00eda sustentable, saneamiento fiscal, enoturismo y la conectividad a\u00e9rea, entre otros puntos.","protected":false},"author":3,"featured_media":57151,"comment_status":"open","ping_status":"open","sticky":false,"template":"","format":"standard","meta":[],"categories":[19],"tags":[],"_links":{"self":[{"href":"https:\/\/www.mendoza.gov.ar\/prensa\/wp-json\/wp\/v2\/posts\/57112"}],"collection":[{"href":"https:\/\/www.mendoza.gov.ar\/prensa\/wp-json\/wp\/v2\/posts"}],"about":[{"href":"https:\/\/www.mendoza.gov.ar\/prensa\/wp-json\/wp\/v2\/types\/post"}],"author":[{"embeddable":true,"href":"https:\/\/www.mendoza.gov.ar\/prensa\/wp-json\/wp\/v2\/users\/3"}],"replies":[{"embeddable":true,"href":"https:\/\/www.mendoza.gov.ar\/prensa\/wp-json\/wp\/v2\/comments?post=57112"}],"version-history":[{"count":0,"href":"https:\/\/www.mendoza.gov.ar\/prensa\/wp-json\/wp\/v2\/posts\/57112\/revisions"}],"wp:featuredmedia":[{"embeddable":true,"href":"https:\/\/www.mendoza.gov.ar\/prensa\/wp-json\/wp\/v2\/media\/57151"}],"wp:attachment":[{"href":"https:\/\/www.mendoza.gov.ar\/prensa\/wp-json\/wp\/v2\/media?parent=57112"}],"wp:term":[{"taxonomy":"category","embeddable":true,"href":"https:\/\/www.mendoza.gov.ar\/prensa\/wp-json\/wp\/v2\/categories?post=57112"},{"taxonomy":"post_tag","embeddable":true,"href":"https:\/\/www.mendoza.gov.ar\/prensa\/wp-json\/wp\/v2\/tags?post=57112"}],"curies":[{"name":"wp","href":"https:\/\/api.w.org\/{rel}","templated":true}]}}