{"id":57213,"date":"2016-05-29T10:18:34","date_gmt":"2016-05-29T13:18:34","guid":{"rendered":"http:\/\/prensa.mendoza.gov.ar\/?p=57213"},"modified":"2016-05-29T10:18:34","modified_gmt":"2016-05-29T13:18:34","slug":"mas-de-cinco-kilometros-de-canerias-nuevas-en-la-escuela-eva-peron","status":"publish","type":"post","link":"https:\/\/www.mendoza.gov.ar\/prensa\/mas-de-cinco-kilometros-de-canerias-nuevas-en-la-escuela-eva-peron\/","title":{"rendered":"M\u00e1s de cinco kil\u00f3metros de ca\u00f1er\u00edas nuevas en la Escuela Eva Per\u00f3n"},"content":{"rendered":"<!DOCTYPE html PUBLIC \"-\/\/W3C\/\/DTD HTML 4.0 Transitional\/\/EN\" \"http:\/\/www.w3.org\/TR\/REC-html40\/loose.dtd\">\n<html><body><p>La Subsecretar&iacute;a de Infraestructura Social B&aacute;sica terminar&aacute; la semana pr&oacute;xima de adjudicar la obra de recambio definitivo del sistema de calefacci&oacute;n de la 8-448 Escuela Hogar Eva Per&oacute;n. Ser&aacute;n m&aacute;s de 5,5 kil&oacute;metros de ca&ntilde;er&iacute;a de agua y vapor, que en la actualidad alimentan las instalaciones del emblem&aacute;tico establecimiento educativo.<\/p>\n<p>El objetivo es que las tareas est&eacute;n concluidas en noviembre, con el objetivo de que el enorme inmueble escolar no vuelva a presentar inconvenientes relacionados con la calefacci&oacute;n de sus instalaciones, que ocupan m&aacute;s de 7.000 metros cuadrados, en un predio que alcanza las 9 hect&aacute;reas.<\/p>\n<p>Se trata de trabajos muy esperados por la comunidad educativa de gran parte de la provincia, dado que los m&aacute;s de 400 alumnos que asisten provienen de varios departamentos. Adem&aacute;s, nunca fueron intervenidos definitivamente desde la construcci&oacute;n del edificio, en&nbsp;la d&eacute;cada de 1950.<\/p>\n<p>La importante refacci&oacute;n, que demandar&aacute; una inversi&oacute;n de m&aacute;s de $10.000.000, tiene un plazo de ejecuci&oacute;n de entre cinco y seis meses.<\/p>\n<p>Las tareas incluyen, entre otras, el remplazo de los intercambiadores, revisi&oacute;n de calderas, recambio de 4.200 metros de ca&ntilde;er&iacute;as de termofusi&oacute;n (agua) y 1.500 metros de tuber&iacute;as de acero (vapor), remplazo de 70 radiadores, y limpieza qu&iacute;mica de los restantes, que superan los 200.<\/p>\n<p>&ldquo;El sistema de ca&ntilde;er&iacute;as de calefacci&oacute;n de la escuela Eva Per&oacute;n presenta un gran deterioro. Ya tiene m&aacute;s de 60 a&ntilde;os y necesita un remplazo urgente. Por eso est&aacute; previsto que la pr&oacute;xima semana terminemos de adjudicar la obra y comience lo antes posible&rdquo;, se&ntilde;al&oacute; el subsecretario Guillermo Carbonell.<\/p>\n<p><strong>Varios arreglos provisorios en la caldera<\/strong><\/p>\n<p>M&aacute;s all&aacute; de la obra de fondo, en los &uacute;ltimos d&iacute;as el sistema de calefacci&oacute;n de la Escuela Eva Per&oacute;n ha sido sometido a reparaciones menores y provisorias, debido a que se han producido roturas a causa de un desgaste natural por el paso de los a&ntilde;os.<\/p>\n<p>Las tareas incluyeron la refacci&oacute;n de varios elementos internos de la caldera y hasta la tapa. Tambi&eacute;n se produjeron p&eacute;rdidas de agua y obstrucciones de algunos radiantes. Todos trabajos que ya fueron solucionados por el &aacute;rea de calefacci&oacute;n de Infraestructura Social B&aacute;sica.<\/p>\n<\/body><\/html>\n","protected":false},"excerpt":{"rendered":"Se remplazar\u00e1 todo el sistema de tuber\u00edas de calefacci\u00f3n. Est\u00e1 previsto que la pr\u00f3xima semana se termine de adjudicar definitivamente la obra, con un presupuesto oficial de 10 millones de pesos.","protected":false},"author":3,"featured_media":57214,"comment_status":"open","ping_status":"open","sticky":false,"template":"","format":"standard","meta":[],"categories":[1],"tags":[],"_links":{"self":[{"href":"https:\/\/www.mendoza.gov.ar\/prensa\/wp-json\/wp\/v2\/posts\/57213"}],"collection":[{"href":"https:\/\/www.mendoza.gov.ar\/prensa\/wp-json\/wp\/v2\/posts"}],"about":[{"href":"https:\/\/www.mendoza.gov.ar\/prensa\/wp-json\/wp\/v2\/types\/post"}],"author":[{"embeddable":true,"href":"https:\/\/www.mendoza.gov.ar\/prensa\/wp-json\/wp\/v2\/users\/3"}],"replies":[{"embeddable":true,"href":"https:\/\/www.mendoza.gov.ar\/prensa\/wp-json\/wp\/v2\/comments?post=57213"}],"version-history":[{"count":0,"href":"https:\/\/www.mendoza.gov.ar\/prensa\/wp-json\/wp\/v2\/posts\/57213\/revisions"}],"wp:featuredmedia":[{"embeddable":true,"href":"https:\/\/www.mendoza.gov.ar\/prensa\/wp-json\/wp\/v2\/media\/57214"}],"wp:attachment":[{"href":"https:\/\/www.mendoza.gov.ar\/prensa\/wp-json\/wp\/v2\/media?parent=57213"}],"wp:term":[{"taxonomy":"category","embeddable":true,"href":"https:\/\/www.mendoza.gov.ar\/prensa\/wp-json\/wp\/v2\/categories?post=57213"},{"taxonomy":"post_tag","embeddable":true,"href":"https:\/\/www.mendoza.gov.ar\/prensa\/wp-json\/wp\/v2\/tags?post=57213"}],"curies":[{"name":"wp","href":"https:\/\/api.w.org\/{rel}","templated":true}]}}