{"id":57319,"date":"2016-05-30T14:28:18","date_gmt":"2016-05-30T17:28:18","guid":{"rendered":"http:\/\/prensa.mendoza.gov.ar\/?p=57319"},"modified":"2016-05-30T14:28:18","modified_gmt":"2016-05-30T17:28:18","slug":"el-zoologico-provincial-permanecera-cerrado-durante-los-proximos-dias","status":"publish","type":"post","link":"https:\/\/www.mendoza.gov.ar\/prensa\/el-zoologico-provincial-permanecera-cerrado-durante-los-proximos-dias\/","title":{"rendered":"El Zool\u00f3gico estar\u00e1 cerrado los pr\u00f3ximos d\u00edas"},"content":{"rendered":"<!DOCTYPE html PUBLIC \"-\/\/W3C\/\/DTD HTML 4.0 Transitional\/\/EN\" \"http:\/\/www.w3.org\/TR\/REC-html40\/loose.dtd\">\n<html><body><p>La Secretar&iacute;a de Ambiente y Ordenamiento Territorial comunic&oacute; que, como se anticip&oacute;, el Zool&oacute;gico provincial permanecer&aacute; cerrado por tiempo indefinido, debido a los diversos pron&oacute;sticos de lluvias que se esperan para los pr&oacute;ximos d&iacute;as en Mendoza.<\/p>\n<p>Durante la semana pasada se realizaron tareas de mantenimiento en los corrales que se vieron afectados por distintas variables como por ejemplo el temporal, la superpoblaci&oacute;n de animales y los trabajos de reacondicionamiento de la infraestructura general en las cierveras.<\/p>\n<p><a href=\"https:\/\/www.mendoza.gov.ar\/prensa\/wp-content\/uploads\/sites\/23\/mari.jpg\"><img loading=\"lazy\" class=\"alignnone wp-image-57322 img-responsive center-block\" src=\"https:\/\/www.mendoza.gov.ar\/prensa\/wp-content\/uploads\/sites\/23\/mari.jpg\" alt=\"\" width=\"650\" height=\"434\"><\/a><\/p>\n<p>Mientras tanto,&nbsp;se contin&uacute;a trabajando dentro realizando obras de mantenimiento, limpieza y cuidado de los animales ante las contingencias clim&aacute;ticas para garantizar el bienestar y la seguridad de&nbsp;los animales.<\/p>\n<p>El gabinete de la Secretar&iacute;a de Ambiente mantiene diversas reuniones para definir el futuro inmediato del Zool&oacute;gico, lo cual ser&aacute; comunicado en los pr&oacute;ximos d&iacute;as por el secretario de Ambiente, Humberto Mingorance.<\/p>\n<\/body><\/html>\n","protected":false},"excerpt":{"rendered":"Esta decisi\u00f3n se debe a los pron\u00f3sticos de mal tiempo para esta semana. Mientras tanto, los funcionarios eval\u00faan diversas opciones para el futuro del paseo. ","protected":false},"author":3,"featured_media":57323,"comment_status":"open","ping_status":"open","sticky":false,"template":"","format":"standard","meta":[],"categories":[3],"tags":[],"_links":{"self":[{"href":"https:\/\/www.mendoza.gov.ar\/prensa\/wp-json\/wp\/v2\/posts\/57319"}],"collection":[{"href":"https:\/\/www.mendoza.gov.ar\/prensa\/wp-json\/wp\/v2\/posts"}],"about":[{"href":"https:\/\/www.mendoza.gov.ar\/prensa\/wp-json\/wp\/v2\/types\/post"}],"author":[{"embeddable":true,"href":"https:\/\/www.mendoza.gov.ar\/prensa\/wp-json\/wp\/v2\/users\/3"}],"replies":[{"embeddable":true,"href":"https:\/\/www.mendoza.gov.ar\/prensa\/wp-json\/wp\/v2\/comments?post=57319"}],"version-history":[{"count":0,"href":"https:\/\/www.mendoza.gov.ar\/prensa\/wp-json\/wp\/v2\/posts\/57319\/revisions"}],"wp:featuredmedia":[{"embeddable":true,"href":"https:\/\/www.mendoza.gov.ar\/prensa\/wp-json\/wp\/v2\/media\/57323"}],"wp:attachment":[{"href":"https:\/\/www.mendoza.gov.ar\/prensa\/wp-json\/wp\/v2\/media?parent=57319"}],"wp:term":[{"taxonomy":"category","embeddable":true,"href":"https:\/\/www.mendoza.gov.ar\/prensa\/wp-json\/wp\/v2\/categories?post=57319"},{"taxonomy":"post_tag","embeddable":true,"href":"https:\/\/www.mendoza.gov.ar\/prensa\/wp-json\/wp\/v2\/tags?post=57319"}],"curies":[{"name":"wp","href":"https:\/\/api.w.org\/{rel}","templated":true}]}}