{"id":57338,"date":"2016-05-30T17:00:18","date_gmt":"2016-05-30T20:00:18","guid":{"rendered":"http:\/\/prensa.mendoza.gov.ar\/?p=57338"},"modified":"2016-05-30T17:00:18","modified_gmt":"2016-05-30T20:00:18","slug":"mendoza-recibio-al-embajador-argentino-en-la-union-europea","status":"publish","type":"post","link":"https:\/\/www.mendoza.gov.ar\/prensa\/mendoza-recibio-al-embajador-argentino-en-la-union-europea\/","title":{"rendered":"Mendoza recibi\u00f3 al embajador argentino en la Uni\u00f3n Europea"},"content":{"rendered":"<!DOCTYPE html PUBLIC \"-\/\/W3C\/\/DTD HTML 4.0 Transitional\/\/EN\" \"http:\/\/www.w3.org\/TR\/REC-html40\/loose.dtd\">\n<html><body><p>Con el objetivo de incrementar la participaci&oacute;n de los productos mendocinos en el mercado europeo, el flamante embajador argentino en Europa, Mario Ver&oacute;n Guerra, se reuni&oacute; con el Gobernador Alfredo Cornejo, con el ministro de Econom&iacute;a, Infraestructura y Energ&iacute;a, Enrique Vaqui&eacute;, y con referentes de las actividades que exportan al viejo continente.<\/p>\n<p>La visita de&nbsp;Mario Ver&oacute;n Guerra se inici&oacute; en la cartera que conduce Vaqui&eacute;, donde mantuvo un encuentro con el ministro de Hacienda, Mart&iacute;n Kerchner, legisladores de la Uni&oacute;n C&iacute;vica Radical y el gabinete del Ministerio de&nbsp;Econom&iacute;a, Infraestructura y Energ&iacute;a.<\/p>\n<p><a href=\"https:\/\/www.mendoza.gov.ar\/prensa\/wp-content\/uploads\/sites\/23\/f57358bb-5deb-411f-bcd8-9b8fc6ff6643.jpg\"><img loading=\"lazy\" class=\"aligncenter wp-image-57339 img-responsive center-block\" src=\"https:\/\/www.mendoza.gov.ar\/prensa\/wp-content\/uploads\/sites\/23\/f57358bb-5deb-411f-bcd8-9b8fc6ff6643.jpg\" alt=\"\" width=\"650\" height=\"375\"><\/a><\/p>\n<p>El diplom&aacute;tico brind&oacute; detalles de los acuerdos que posee en la actualidad el bloque europeo y la estrategia que tendr&aacute; la Canciller&iacute;a argentina para ampliar el intercambio comercial con ese continente. &ldquo;Como hombre del interior, creo que las econom&iacute;as regionales y sus industrias tienen mucho para ofrecer en Europa y me pongo a disposici&oacute;n para ser un facilitador para potenciar esos intercambios&rdquo;, a&ntilde;adi&oacute;.<\/p>\n<p>M&aacute;s tarde, y junto al Gobernador Alfredo Cornejo, Ver&oacute;n Guerra coment&oacute; que durante su gesti&oacute;n buscar&aacute; el ansiado acuerdo de libre comercio entre el Mercosur y la Uni&oacute;n Europea, bloques que ya avanzaron hace dos semanas en un intercambio entre representantes econ&oacute;micos en Bruselas, con ofertas de sus respectivos mercados de productos, servicios y compras p&uacute;blicas.<\/p>\n<p>Cerca del mediod&iacute;a, Ver&oacute;n Guerra se reuni&oacute; en ProMendoza con la Mesa de Negociaciones Internacionales, encabezada por Gabriel Fidel, encuentro en el que tambi&eacute;n particip&oacute; el ministro Vaqui&eacute;.&nbsp;&ldquo;Esta es otra m&aacute;s de las tareas que le hemos encargado a Gabriel Fidel, participar en el acuerdo entre la Uni&oacute;n Europea y el Mercosur e intervenir junto a las empresas mendocinas en las comisiones t&eacute;cnicas para defender los intereses comerciales de la provincia&rdquo;, inform&oacute; Vaqui&eacute;.<\/p>\n<p>&ldquo;Trataremos de extraer lo mejor del sector productivo argentino, sin dejar excluido a ning&uacute;n sector con capacidad exportadora. Sabemos que hay ausencia de algunos productos que nos interesan. La negociaci&oacute;n ser&aacute; compleja y extensa. Sabemos que debemos mejorar las condiciones de acceso de nuestros productos, la Uni&oacute;n Europea es exigente con los protocolos sanitarios. Debemos trabajar en certificaciones de origen reconocidas por la bloque&rdquo;, opin&oacute;&nbsp;Ver&oacute;n Guerra.<\/p>\n<p>En el encuentro, estuvieron presentes&nbsp;Adema, WOFA, Comercio Exterior de San Rafael, Asolmen, CACEC, ASPEFF, Polo TIC, Bodegas de Argentina, Asinmet, Sociedad Rural del Valle de Uco y COVIAR, quienes&nbsp;plantearon, como puntos principales: la madera de Mendoza tiene ventajas, ya que se ha logrado un ciclo de recupero de la producci&oacute;n de 10 a&ntilde;os; es necesario mejorar los aranceles de ingreso de la fruta deshidratada;&nbsp;Asinmet ha estudiado todas las posiciones arancelarias que afectan la metalmec&aacute;nica; el aceite de oliva paga 36% de arancel para ingreso a la UE; que el&nbsp;malbec pretende competir en&nbsp;el posicionamiento de la cepa argentina.<\/p>\n<p>&ldquo;Venimos trabajando en ProMendoza con la Mesa de Negociaciones Internacionales a fin de conocer a fondo cada una de las necesidades de los principales sectores exportadores de la provincia. De esa manera, podremos estudiar las posiciones&nbsp;arancelarias y trabajar para lograr los mejores acuerdos comerciales en el marco de Mercosur&rdquo;, aport&oacute; Fidel.<\/p>\n<\/body><\/html>\n","protected":false},"excerpt":{"rendered":"Mario Ver\u00f3n Guerra mantuvo una intensa agenda que incluy\u00f3 un encuentro con el Gobernador Alfredo Cornejo y una reuni\u00f3n con los sectores exportadores de la provincia.","protected":false},"author":3,"featured_media":57360,"comment_status":"open","ping_status":"open","sticky":false,"template":"","format":"standard","meta":[],"categories":[19,21,15],"tags":[],"_links":{"self":[{"href":"https:\/\/www.mendoza.gov.ar\/prensa\/wp-json\/wp\/v2\/posts\/57338"}],"collection":[{"href":"https:\/\/www.mendoza.gov.ar\/prensa\/wp-json\/wp\/v2\/posts"}],"about":[{"href":"https:\/\/www.mendoza.gov.ar\/prensa\/wp-json\/wp\/v2\/types\/post"}],"author":[{"embeddable":true,"href":"https:\/\/www.mendoza.gov.ar\/prensa\/wp-json\/wp\/v2\/users\/3"}],"replies":[{"embeddable":true,"href":"https:\/\/www.mendoza.gov.ar\/prensa\/wp-json\/wp\/v2\/comments?post=57338"}],"version-history":[{"count":0,"href":"https:\/\/www.mendoza.gov.ar\/prensa\/wp-json\/wp\/v2\/posts\/57338\/revisions"}],"wp:featuredmedia":[{"embeddable":true,"href":"https:\/\/www.mendoza.gov.ar\/prensa\/wp-json\/wp\/v2\/media\/57360"}],"wp:attachment":[{"href":"https:\/\/www.mendoza.gov.ar\/prensa\/wp-json\/wp\/v2\/media?parent=57338"}],"wp:term":[{"taxonomy":"category","embeddable":true,"href":"https:\/\/www.mendoza.gov.ar\/prensa\/wp-json\/wp\/v2\/categories?post=57338"},{"taxonomy":"post_tag","embeddable":true,"href":"https:\/\/www.mendoza.gov.ar\/prensa\/wp-json\/wp\/v2\/tags?post=57338"}],"curies":[{"name":"wp","href":"https:\/\/api.w.org\/{rel}","templated":true}]}}