{"id":57496,"date":"2016-06-01T13:02:25","date_gmt":"2016-06-01T16:02:25","guid":{"rendered":"http:\/\/prensa.mendoza.gov.ar\/?p=57496"},"modified":"2016-06-01T13:02:25","modified_gmt":"2016-06-01T16:02:25","slug":"cornejo-insto-a-los-municipios-a-comprometerse-en-la-lucha-contra-las-adicciones","status":"publish","type":"post","link":"https:\/\/www.mendoza.gov.ar\/prensa\/cornejo-insto-a-los-municipios-a-comprometerse-en-la-lucha-contra-las-adicciones\/","title":{"rendered":"Cornejo inst\u00f3 a los municipios a comprometerse en la lucha contra las adicciones"},"content":{"rendered":"<!DOCTYPE html PUBLIC \"-\/\/W3C\/\/DTD HTML 4.0 Transitional\/\/EN\" \"http:\/\/www.w3.org\/TR\/REC-html40\/loose.dtd\">\n<html><body><p>Con la presencia del Gobernador Alfredo Cornejo, se realiz&oacute; la segunda asamblea del Consejo Federal para la Prevenci&oacute;n y Asistencia de las Adicciones y Control del Narcotr&aacute;fico (Cofedro). All&iacute; les pidi&oacute; a los municipios comprometerse en la lucha contra el narcotr&aacute;fico y las adicciones: &ldquo;Debemos incluir a los municipios en la pol&iacute;tica sobre drogas. Quiero que empiecen a trabajar m&aacute;s en esta tem&aacute;tica, por eso celebro que esta jornada se realice en la provincia&rdquo;.<\/p>\n<p>El encuentro se desarroll&oacute;&nbsp;en el hotel Huentala, donde estuvieron presentes el ministro de Salud, Desarrollo Social y Deportes, Rub&eacute;n Giacchi, y el titular de la Secretar&iacute;a de Programaci&oacute;n para la Prevenci&oacute;n de la Drogadicci&oacute;n y la lucha contra el Narcotr&aacute;fico (Sedronar), Roberto Moro.<\/p>\n<p>Cornejo hizo referencia al abandono estatal sobre la tem&aacute;tica. &ldquo;Hay muchos casos emblem&aacute;ticos de corrupci&oacute;n que est&aacute;n en la Justicia, lo que nos ha demostrado que no se ha trabajado bien en los &uacute;ltimos a&ntilde;os en la Argentina sobre esta problem&aacute;tica&rdquo;. Asegur&oacute; que es necesario contar &ldquo;con una planificaci&oacute;n para esta tarea y el mejor lugar para esa planificaci&oacute;n, sin dudas, es esta asamblea y estos &aacute;mbitos de coordinaci&oacute;n&rdquo;.<\/p>\n<p><a href=\"https:\/\/www.mendoza.gov.ar\/prensa\/wp-content\/uploads\/sites\/23\/DSC_4470.jpg\"><img loading=\"lazy\" class=\"alignnone wp-image-57500 img-responsive center-block\" src=\"https:\/\/www.mendoza.gov.ar\/prensa\/wp-content\/uploads\/sites\/23\/DSC_4470.jpg\" alt=\"DSC_4470\" width=\"650\" height=\"431\"><\/a><\/p>\n<p>Expres&oacute; la necesidad de involucrar a los municipios, &nbsp;&ldquo;al menos en el caso de Mendoza, porque los organismos nacionales est&aacute;n muy alejados del d&iacute;a a d&iacute;a del servicio cotidiano terap&eacute;utico, se puede planificar, coordinar, investigar, llevar estad&iacute;sticas, auditar el trabajo, pero el contacto permanente lo tienen los efectores provinciales y mucho m&aacute;s a&uacute;n los municipales&rdquo;.<\/p>\n<p>En este sentido, Roberto Moro argument&oacute;: &ldquo;Queremos fortalecer este v&iacute;nculo donde el trabajo conjunto de Naci&oacute;n, provincias y municipios sea la respuesta correcta para abordar esta problem&aacute;tica&rdquo;.<\/p>\n<p><strong>Los temas del encuentro<\/strong><\/p>\n<p>Durante la reuni&oacute;n, los delegados provinciales de los 24 distritos del pa&iacute;s trabajar&aacute;n en diagn&oacute;sticos y estrategias de abordaje por regi&oacute;n, con el objetivo de atender las particularidades que presenta cada provincia&nbsp;y&nbsp;establecer planes espec&iacute;ficos de intervenci&oacute;n.<\/p>\n<p>Adem&aacute;s, se&nbsp;presentar&aacute;n las l&iacute;neas de trabajo en prevenci&oacute;n en &aacute;mbitos educativos, un programa &iacute;ntegro e integral en acuerdo con el Ministerio de Educaci&oacute;n y Deporte para &aacute;mbitos educativos formales y no formales desde el nivel inicial hasta el superior o universitario. Asimismo, se avanzar&aacute; en el progreso del Programa Nacional Municipios en Acci&oacute;n por el cual la Sedronar&nbsp;articula junto a los distritos y localidades, el desarrollo de planes locales en prevenci&oacute;n y atenci&oacute;n primaria sobre la problem&aacute;tica de las drogas.<\/p>\n<p>Se buscar&aacute; el consenso del armado del Plan Nacional de Drogas cuyos lineamientos generales fueron presentados en la primera asamblea del Cofedro, hace tres meses. Este plan establecer&aacute; las pol&iacute;ticas de prevenci&oacute;n, capacitaci&oacute;n y asistencia de las adicciones que llevar&aacute; a adelante la Sedronar&nbsp;como organismo rector de las pol&iacute;ticas p&uacute;blicas en la materia.<\/p>\n<\/body><\/html>\n","protected":false},"excerpt":{"rendered":"As\u00ed lo pidi\u00f3 el Gobernador durante el Consejo Federal para la Prevenci\u00f3n y Asistencia de las Adicciones y Control del Narcotr\u00e1fico.","protected":false},"author":3,"featured_media":57499,"comment_status":"open","ping_status":"open","sticky":false,"template":"","format":"standard","meta":[],"categories":[19],"tags":[],"_links":{"self":[{"href":"https:\/\/www.mendoza.gov.ar\/prensa\/wp-json\/wp\/v2\/posts\/57496"}],"collection":[{"href":"https:\/\/www.mendoza.gov.ar\/prensa\/wp-json\/wp\/v2\/posts"}],"about":[{"href":"https:\/\/www.mendoza.gov.ar\/prensa\/wp-json\/wp\/v2\/types\/post"}],"author":[{"embeddable":true,"href":"https:\/\/www.mendoza.gov.ar\/prensa\/wp-json\/wp\/v2\/users\/3"}],"replies":[{"embeddable":true,"href":"https:\/\/www.mendoza.gov.ar\/prensa\/wp-json\/wp\/v2\/comments?post=57496"}],"version-history":[{"count":0,"href":"https:\/\/www.mendoza.gov.ar\/prensa\/wp-json\/wp\/v2\/posts\/57496\/revisions"}],"wp:featuredmedia":[{"embeddable":true,"href":"https:\/\/www.mendoza.gov.ar\/prensa\/wp-json\/wp\/v2\/media\/57499"}],"wp:attachment":[{"href":"https:\/\/www.mendoza.gov.ar\/prensa\/wp-json\/wp\/v2\/media?parent=57496"}],"wp:term":[{"taxonomy":"category","embeddable":true,"href":"https:\/\/www.mendoza.gov.ar\/prensa\/wp-json\/wp\/v2\/categories?post=57496"},{"taxonomy":"post_tag","embeddable":true,"href":"https:\/\/www.mendoza.gov.ar\/prensa\/wp-json\/wp\/v2\/tags?post=57496"}],"curies":[{"name":"wp","href":"https:\/\/api.w.org\/{rel}","templated":true}]}}