{"id":57621,"date":"2016-06-02T11:58:11","date_gmt":"2016-06-02T14:58:11","guid":{"rendered":"http:\/\/prensa.mendoza.gov.ar\/?p=57621"},"modified":"2016-06-02T11:58:11","modified_gmt":"2016-06-02T14:58:11","slug":"el-gobernador-reconocio-la-labor-que-realizan-los-bomberos-voluntarios","status":"publish","type":"post","link":"https:\/\/www.mendoza.gov.ar\/prensa\/el-gobernador-reconocio-la-labor-que-realizan-los-bomberos-voluntarios\/","title":{"rendered":"El Gobernador reconoci\u00f3 la labor de los bomberos voluntarios"},"content":{"rendered":"<!DOCTYPE html PUBLIC \"-\/\/W3C\/\/DTD HTML 4.0 Transitional\/\/EN\" \"http:\/\/www.w3.org\/TR\/REC-html40\/loose.dtd\">\n<html><body><p>El Gobernador Alfredo Cornejo recibi&oacute; al Cuerpo de Bomberos Voluntarios de la Provincia. En el Sal&oacute;n Patricias, en el cuarto&nbsp;piso de la Casa de Gobierno, les entreg&oacute; diplomas en reconocimiento a las tareas que realizan diariamente en incendios, derrames de sustancias, asistencia a heridos y rescate. &ldquo;Vamos a trabajar con Defensa Civil para perfeccionar el voluntariado involucrando a los mendocinos y a los municipios&rdquo;, dijo Cornejo.<\/p>\n<p>Este reconocimiento del Gobierno se enmarca en el 132 aniversario del D&iacute;a del Bombero Voluntario.<\/p>\n<p>El Gobernador invit&oacute; a la ciudadan&iacute;a a comprometerse para sostener este servicio p&uacute;blico que prestan los bomberos sin recibir&nbsp;un salario. &ldquo;Algunas empresas de servicio del Estado, que dependen de los municipios, otorgan un porcentaje a las asociaciones de bomberos voluntarios. Es necesario que los mendocinos se comprometan a trav&eacute;s del pago de estas boletas como tambi&eacute;n que el aporte llegue a estas instituciones&rdquo;.<\/p>\n<p>En el encuentro estuvieron presentes Gianni Venier, ministro de Seguridad; Oscar Pizarro, director de Defensa Civil,&nbsp;y Edgardo Huentu, presidente de la Asociaci&oacute;n Mendocina de Bomberos.<\/p>\n<p>Huentu destac&oacute; el trabajo en equipo que llevan a cabo, regulado por la Ley Provincial 7679, e indic&oacute; que durante 2015 realizaron&nbsp;4.800 intervenciones. &ldquo;Estamos al servicio de la comunidad&rdquo;, dijo para finalizar.<\/p>\n<p>&nbsp;<\/p>\n<\/body><\/html>\n","protected":false},"excerpt":{"rendered":"En el marco del 132 aniversario del D\u00eda del Bombero Voluntario, Alfredo Cornejo los recibi\u00f3 en la Casa de Gobierno. Entreg\u00f3 diplomas para distinguir el trabajo de estos servidores p\u00fablicos.","protected":false},"author":3,"featured_media":57630,"comment_status":"open","ping_status":"open","sticky":false,"template":"","format":"standard","meta":[],"categories":[19],"tags":[],"_links":{"self":[{"href":"https:\/\/www.mendoza.gov.ar\/prensa\/wp-json\/wp\/v2\/posts\/57621"}],"collection":[{"href":"https:\/\/www.mendoza.gov.ar\/prensa\/wp-json\/wp\/v2\/posts"}],"about":[{"href":"https:\/\/www.mendoza.gov.ar\/prensa\/wp-json\/wp\/v2\/types\/post"}],"author":[{"embeddable":true,"href":"https:\/\/www.mendoza.gov.ar\/prensa\/wp-json\/wp\/v2\/users\/3"}],"replies":[{"embeddable":true,"href":"https:\/\/www.mendoza.gov.ar\/prensa\/wp-json\/wp\/v2\/comments?post=57621"}],"version-history":[{"count":0,"href":"https:\/\/www.mendoza.gov.ar\/prensa\/wp-json\/wp\/v2\/posts\/57621\/revisions"}],"wp:featuredmedia":[{"embeddable":true,"href":"https:\/\/www.mendoza.gov.ar\/prensa\/wp-json\/wp\/v2\/media\/57630"}],"wp:attachment":[{"href":"https:\/\/www.mendoza.gov.ar\/prensa\/wp-json\/wp\/v2\/media?parent=57621"}],"wp:term":[{"taxonomy":"category","embeddable":true,"href":"https:\/\/www.mendoza.gov.ar\/prensa\/wp-json\/wp\/v2\/categories?post=57621"},{"taxonomy":"post_tag","embeddable":true,"href":"https:\/\/www.mendoza.gov.ar\/prensa\/wp-json\/wp\/v2\/tags?post=57621"}],"curies":[{"name":"wp","href":"https:\/\/api.w.org\/{rel}","templated":true}]}}