{"id":577,"date":"2014-02-07T13:03:00","date_gmt":"2014-02-07T13:03:00","guid":{"rendered":"http:\/\/prensa.wp2.mendoza.gov.ar\/?p=577"},"modified":"2014-02-07T13:03:00","modified_gmt":"2014-02-07T13:03:00","slug":"en-marzo-la-fabrica-baggio-haria-una-prueba-piloto-de-produccion","status":"publish","type":"post","link":"https:\/\/www.mendoza.gov.ar\/prensa\/en-marzo-la-fabrica-baggio-haria-una-prueba-piloto-de-produccion\/","title":{"rendered":"En marzo la f\u00e1brica Baggio har\u00eda una prueba piloto de producci\u00f3n"},"content":{"rendered":"<!DOCTYPE html PUBLIC \"-\/\/W3C\/\/DTD HTML 4.0 Transitional\/\/EN\" \"http:\/\/www.w3.org\/TR\/REC-html40\/loose.dtd\">\n<html><body><p><img src=\"https:\/\/www.mendoza.gov.ar\/prensa\/wp-content\/uploads\/sites\/23\/2014\/08\/view_crop_13560.jpg\" class=\" img-responsive center-block\"><\/p>\n<p><span style=\"line-height: 1.6em;font-size: 13px\">El gobernador, Francisco P&eacute;rez, recorri&oacute; las instalaciones de la que ser&aacute; la planta industrial de procesamiento de tomate m&aacute;s grande del pa&iacute;s. La empresa Baggio har&iacute;a el mes que viene una prueba de producci&oacute;n para corroborar el funcionamiento de la maquinaria.<\/span><\/p>\n<p>La f&aacute;brica, ubicada en el Carril Chivilcoy y Robert, del distrito El Rambl&oacute;n en San Mart&iacute;n, se emplaza en un predio de 120 hect&aacute;reas; y su principal objetivo es la de sustituir importaciones de pasta de tomate, ya que Argentina actualmente produce m&aacute;s de la mitad del tomate que se consume.<\/p>\n<p>La Planta, producir&aacute; 1000 toneladas diarias y se dedicar&aacute; a la producci&oacute;n de pasta de tomates, concentraci&oacute;n y envasado para uso industrial y dom&eacute;stico. Por lo que necesitar&aacute; de 1.400 hect&aacute;reas de producci&oacute;n para su abastecimiento.<\/p>\n<p>Para poder concretar este emprendimiento se debieron realizar obras de infraestructura para acercar los servicios b&aacute;sicos hasta la zona. La Cooperativa El&eacute;ctrica Alto Verde realiz&oacute; el tendido el&eacute;ctrico, Irrigaci&oacute;n aprob&oacute; la factibilidad para la perforaci&oacute;n de nuevos pozos y se instalaron 5 km de tuber&iacute;as para la provisi&oacute;n de gas.<\/p>\n<p>Vale destacar que el tomate perita que se cultiva en Mendoza es el m&aacute;s valorado entre los consumidores argentinos por la calidad de su pulpa y la concentraci&oacute;n de su sabor.<\/p>\n<p><strong>Baggio<\/strong><\/p>\n<p>La empresa fue fundada en 1959, en la ciudad de Gualeguaych&uacute;, provincia de Entre R&iacute;os. En 1983, se instal&oacute; su primera planta productiva en el Parque Industrial de esa ciudad, para el envasado de productos con la marca Mocoret&aacute;. La firma cuenta con unos 1.500 empleados en el pa&iacute;s y, desde 2006, acumula una balanza comercial superavitaria de 40 millones de d&oacute;lares. Adem&aacute;s exporta a 44 pa&iacute;ses de todo el mundo.<\/p>\n<p>Adem&aacute;s, la compa&ntilde;&iacute;a se ha expandido a otros productos en base a jugos frutales, con las etiquetas Baggio y Mi Ju (gaseosas); a vinos de mesa (Uvita, Talacasto, Cavic, Viejo Vi&ntilde;edo), a aguas y sodas (Lluvia de Oro), snacks (Pumper) y a leche fluida, tambi&eacute;n con la marca Latte Baggio. En la l&iacute;nea de conservas, fabrica con la marca 7 D&iacute;as y De la huerta.<\/p>\n<p><strong>Centro de Congresos y Exposiciones<\/strong><\/p>\n<p>En su visita a San Mart&iacute;n, P&eacute;rez tambi&eacute;n recorri&oacute; la obra del Centro de Congreso y Exposiciones de ese departamento, junto al intendente local, Jorge Omar Gim&eacute;nez.<\/p>\n<p>El edificio ser&aacute; inaugurado el mes que viene, ya que&nbsp;en la actualidad tiene un avance de obra del 85%.<\/p>\n<p>La obra tuvo una inversi&oacute;n inicial de $15 millones, de los cuales el Gobierno aport&oacute; $8 millones. Las instalaciones con un estilo moderno poseen 3.527 m2 y una sala de degustaci&oacute;n de 937 m2 cubiertos denominada &ldquo;Templo del vino\".<\/p>\n<p>Durante la visita, el mandatario tambi&eacute;n estuvo acompa&ntilde;ado por Gerardo Vaquer, el subsecretario de Obra P&uacute;blicas del Gobierno de Mendoza;&nbsp;Dar&iacute;o Alvarez, secretario de Obras de San Mart&iacute;n, y&nbsp;Carlos Azor, de la empresa constructora.<\/p>\n<\/body><\/html>\n","protected":false},"excerpt":{"rendered":"El gobernador, Francisco P&eacute;rez, recorri&oacute; las instalaciones de la que ser&aacute; la planta industrial de procesamiento de tomate m&aacute;s grande del pa&iacute;s. La empresa Baggio har&iacute;a el mes que viene una prueba de producci&oacute;n para corroborar el funcionamiento de la maquinaria. La f&aacute;brica, ubicada en el Carril Chivilcoy y Robert, del distrito El Rambl&oacute;n en&#8230; <a class=\"view-article\" href=\"https:\/\/www.mendoza.gov.ar\/prensa\/en-marzo-la-fabrica-baggio-haria-una-prueba-piloto-de-produccion\/\"><\/a>","protected":false},"author":3,"featured_media":0,"comment_status":"closed","ping_status":"open","sticky":false,"template":"","format":"standard","meta":[],"categories":[19],"tags":[],"_links":{"self":[{"href":"https:\/\/www.mendoza.gov.ar\/prensa\/wp-json\/wp\/v2\/posts\/577"}],"collection":[{"href":"https:\/\/www.mendoza.gov.ar\/prensa\/wp-json\/wp\/v2\/posts"}],"about":[{"href":"https:\/\/www.mendoza.gov.ar\/prensa\/wp-json\/wp\/v2\/types\/post"}],"author":[{"embeddable":true,"href":"https:\/\/www.mendoza.gov.ar\/prensa\/wp-json\/wp\/v2\/users\/3"}],"replies":[{"embeddable":true,"href":"https:\/\/www.mendoza.gov.ar\/prensa\/wp-json\/wp\/v2\/comments?post=577"}],"version-history":[{"count":0,"href":"https:\/\/www.mendoza.gov.ar\/prensa\/wp-json\/wp\/v2\/posts\/577\/revisions"}],"wp:attachment":[{"href":"https:\/\/www.mendoza.gov.ar\/prensa\/wp-json\/wp\/v2\/media?parent=577"}],"wp:term":[{"taxonomy":"category","embeddable":true,"href":"https:\/\/www.mendoza.gov.ar\/prensa\/wp-json\/wp\/v2\/categories?post=577"},{"taxonomy":"post_tag","embeddable":true,"href":"https:\/\/www.mendoza.gov.ar\/prensa\/wp-json\/wp\/v2\/tags?post=577"}],"curies":[{"name":"wp","href":"https:\/\/api.w.org\/{rel}","templated":true}]}}