{"id":57770,"date":"2016-06-03T15:30:56","date_gmt":"2016-06-03T18:30:56","guid":{"rendered":"http:\/\/prensa.mendoza.gov.ar\/?p=57770"},"modified":"2016-06-03T15:30:56","modified_gmt":"2016-06-03T18:30:56","slug":"el-gobernador-recibio-al-director-del-pami","status":"publish","type":"post","link":"https:\/\/www.mendoza.gov.ar\/prensa\/el-gobernador-recibio-al-director-del-pami\/","title":{"rendered":"El Gobernador recibi\u00f3 al director del PAMI"},"content":{"rendered":"<!DOCTYPE html PUBLIC \"-\/\/W3C\/\/DTD HTML 4.0 Transitional\/\/EN\" \"http:\/\/www.w3.org\/TR\/REC-html40\/loose.dtd\">\n<html><body><p>EL Gobernador Alfredo Cornejo recibi&oacute; al director ejecutivo del Instituto Nacional de Servicios Sociales para Jubilados y Pensionados (INSSJP-PAMI), Carlos Regazzoni, en el Sal&oacute;n Patricias de la Casa de Gobierno. El funcionario est&aacute;&nbsp;en Mendoza para participar en&nbsp;el cierre del Consejo Participativo Regional y del Encuentro Provincial de Adultos Mayores.<\/p>\n<p>Los funcionarios mantuvieron un &ldquo;intercambio de opiniones acerca de la gesti&oacute;n del PAMI, tanto en el pa&iacute;s como en Mendoza, y sobre lo que se est&aacute; haciendo en materia de salud en la provincia&rdquo;, dijo Cornejo. Inform&oacute; adem&aacute;s que el equipo de la Naci&oacute;n se encuentra trabajando junto al ministro de Salud, Desarrollo Social y Deportes, Rub&eacute;n Giacchi, y al director del PAMI en Mendoza, Carlos Valcarcel, en pol&iacute;ticas de salud para los afiliados.<\/p>\n<p>&ldquo;Las cosas funcionan si se invierte y este es el plan que tenemos en el PAMI. Estamos terminando un hospital que de seguro va a ser el hospital m&aacute;s moderno de la Argentina&rdquo;, se&ntilde;al&oacute; Regazzoni. En este sentido, indic&oacute; que se est&aacute;n realizando varias inversiones para construcci&oacute;n y refacci&oacute;n de hospitales en diferentes puntos del pa&iacute;s.<\/p>\n<p>Explic&oacute; que se est&aacute; trabajando en la modernizaci&oacute;n la Instituci&oacute;n para &ldquo;garantizar que los jubilados reciban la mejor atenci&oacute;n en materia de salud. Queremos lograr tener una organizaci&oacute;n moderna, fortalecer el trabajo social y despegarla de cualquier tipo de clientelismo&rdquo;.<\/p>\n<p>Destac&oacute; que se est&aacute;n realizando varios programas, entre ellos el de PAMI Oncolog&iacute;a, donde se busca simplificar los tr&aacute;mites que realizan los afiliados&nbsp;para recibir tratamientos. Adem&aacute;s, subray&oacute; que la campa&ntilde;a de vacunaci&oacute;n antigripal se est&aacute; llevando a cabo con &eacute;xito en el pa&iacute;s. &ldquo;La obra social tiene vacunas gratis en todas las farmacias argentinas para sus afiliados. Este a&ntilde;o fue r&eacute;cord en vacunaci&oacute;n, llegando a las 850 mil dosis aplicadas&rdquo;.<\/p>\n<p>El director expres&oacute; que &ldquo;al igual que en el resto del pa&iacute;s, ha habido irregularidades en la administraci&oacute;n del PAMI. En Mendoza, Valcarcel tienen el enorme desaf&iacute;o de recomponer todo el sistema prestacional y de brindar un buen servicio a los afiliados&rdquo;.<\/p>\n<\/body><\/html>\n","protected":false},"excerpt":{"rendered":"Carlos Regazzoni est\u00e1 en Mendoza tomando parte del Consejo Participativo Regional y del Encuentro Provincial de Adultos Mayores. Aprovech\u00f3 la visita para reunirse con Alfredo Cornejo y dialogar sobre las pol\u00edticas de modernizaci\u00f3n que se est\u00e1n llevando a cabo en el PAMI.","protected":false},"author":3,"featured_media":57771,"comment_status":"open","ping_status":"open","sticky":false,"template":"","format":"standard","meta":[],"categories":[19],"tags":[],"_links":{"self":[{"href":"https:\/\/www.mendoza.gov.ar\/prensa\/wp-json\/wp\/v2\/posts\/57770"}],"collection":[{"href":"https:\/\/www.mendoza.gov.ar\/prensa\/wp-json\/wp\/v2\/posts"}],"about":[{"href":"https:\/\/www.mendoza.gov.ar\/prensa\/wp-json\/wp\/v2\/types\/post"}],"author":[{"embeddable":true,"href":"https:\/\/www.mendoza.gov.ar\/prensa\/wp-json\/wp\/v2\/users\/3"}],"replies":[{"embeddable":true,"href":"https:\/\/www.mendoza.gov.ar\/prensa\/wp-json\/wp\/v2\/comments?post=57770"}],"version-history":[{"count":0,"href":"https:\/\/www.mendoza.gov.ar\/prensa\/wp-json\/wp\/v2\/posts\/57770\/revisions"}],"wp:featuredmedia":[{"embeddable":true,"href":"https:\/\/www.mendoza.gov.ar\/prensa\/wp-json\/wp\/v2\/media\/57771"}],"wp:attachment":[{"href":"https:\/\/www.mendoza.gov.ar\/prensa\/wp-json\/wp\/v2\/media?parent=57770"}],"wp:term":[{"taxonomy":"category","embeddable":true,"href":"https:\/\/www.mendoza.gov.ar\/prensa\/wp-json\/wp\/v2\/categories?post=57770"},{"taxonomy":"post_tag","embeddable":true,"href":"https:\/\/www.mendoza.gov.ar\/prensa\/wp-json\/wp\/v2\/tags?post=57770"}],"curies":[{"name":"wp","href":"https:\/\/api.w.org\/{rel}","templated":true}]}}