{"id":58126,"date":"2016-06-07T13:53:59","date_gmt":"2016-06-07T16:53:59","guid":{"rendered":"http:\/\/prensa.mendoza.gov.ar\/?p=58126"},"modified":"2016-06-07T13:53:59","modified_gmt":"2016-06-07T16:53:59","slug":"ambiente-celebro-su-dia-con-una-muestra-fotografica-organizada-por-guardaparques","status":"publish","type":"post","link":"https:\/\/www.mendoza.gov.ar\/prensa\/ambiente-celebro-su-dia-con-una-muestra-fotografica-organizada-por-guardaparques\/","title":{"rendered":"Ambiente celebr\u00f3 su d\u00eda con una muestra fotogr\u00e1fica organizada por Guardaparques"},"content":{"rendered":"<!DOCTYPE html PUBLIC \"-\/\/W3C\/\/DTD HTML 4.0 Transitional\/\/EN\" \"http:\/\/www.w3.org\/TR\/REC-html40\/loose.dtd\">\n<html><body><p>Para celebrar el D&iacute;a Mundial del Medio Ambiente, la Secretar&iacute;a de Ambiente de la Provincia inaugur&oacute;&nbsp;una&nbsp;muestra fotogr&aacute;fica sobre&nbsp;las &aacute;reas protegidas de Mendoza.&nbsp;Las im&aacute;genes fueron tomadas por el equipo de Guardaparques, dependiente de la Direcci&oacute;n de Recursos Naturales.<\/p>\n<p>El objetivo de la exposici&oacute;n, que se realiza en el ECA, 9 de julio y Gutierrez de Ciudad, es mostrar el trabajo de protecci&oacute;n medioambiental que realizan los guardaparques en las &aacute;rea protegidas de la provincia.<\/p>\n<p>El D&iacute;a Mundial del Medio Ambiente fue establecido el 5 de junio por la Asamblea General de las Naciones Unidas en 1972, coincidiendo con la primera cumbre mundial sobre medio ambiente: la Conferencia de Estocolmo sobre el Medio Ambiente Humano.<\/p>\n<p>Los fines de esta&nbsp;celebraci&oacute;n&nbsp;anual son aumentar la conciencia medioambiental y fomentar la acci&oacute;n global en la protecci&oacute;n del ambiente.<\/p>\n<p>Participaron en la inauguraci&oacute;n de la muestra la directora de Recursos Naturales Renovables de la provincia, Mabel Chambouleyron, personal de Guardaparques, periodistas y visitantes. Se ofreci&oacute; tambi&eacute;n una degustaci&oacute;n de vinos org&aacute;nicos.<\/p>\n<\/body><\/html>\n","protected":false},"excerpt":{"rendered":"Se expusieron im\u00e1genes de \u00e1reas protegidas de la provincia captadas por los guardaparques de la Direcci\u00f3n de Recursos Naturales Renovables. Tambi\u00e9n hubo una degustaci\u00f3n de vinos org\u00e1nicos.\n","protected":false},"author":3,"featured_media":58127,"comment_status":"open","ping_status":"open","sticky":false,"template":"","format":"standard","meta":[],"categories":[3],"tags":[],"_links":{"self":[{"href":"https:\/\/www.mendoza.gov.ar\/prensa\/wp-json\/wp\/v2\/posts\/58126"}],"collection":[{"href":"https:\/\/www.mendoza.gov.ar\/prensa\/wp-json\/wp\/v2\/posts"}],"about":[{"href":"https:\/\/www.mendoza.gov.ar\/prensa\/wp-json\/wp\/v2\/types\/post"}],"author":[{"embeddable":true,"href":"https:\/\/www.mendoza.gov.ar\/prensa\/wp-json\/wp\/v2\/users\/3"}],"replies":[{"embeddable":true,"href":"https:\/\/www.mendoza.gov.ar\/prensa\/wp-json\/wp\/v2\/comments?post=58126"}],"version-history":[{"count":0,"href":"https:\/\/www.mendoza.gov.ar\/prensa\/wp-json\/wp\/v2\/posts\/58126\/revisions"}],"wp:featuredmedia":[{"embeddable":true,"href":"https:\/\/www.mendoza.gov.ar\/prensa\/wp-json\/wp\/v2\/media\/58127"}],"wp:attachment":[{"href":"https:\/\/www.mendoza.gov.ar\/prensa\/wp-json\/wp\/v2\/media?parent=58126"}],"wp:term":[{"taxonomy":"category","embeddable":true,"href":"https:\/\/www.mendoza.gov.ar\/prensa\/wp-json\/wp\/v2\/categories?post=58126"},{"taxonomy":"post_tag","embeddable":true,"href":"https:\/\/www.mendoza.gov.ar\/prensa\/wp-json\/wp\/v2\/tags?post=58126"}],"curies":[{"name":"wp","href":"https:\/\/api.w.org\/{rel}","templated":true}]}}