{"id":58164,"date":"2016-06-07T18:25:05","date_gmt":"2016-06-07T21:25:05","guid":{"rendered":"http:\/\/prensa.mendoza.gov.ar\/?p=58164"},"modified":"2016-06-07T18:25:05","modified_gmt":"2016-06-07T21:25:05","slug":"el-gobernador-participo-del-foro-de-aem","status":"publish","type":"post","link":"https:\/\/www.mendoza.gov.ar\/prensa\/el-gobernador-participo-del-foro-de-aem\/","title":{"rendered":"El Gobernador particip\u00f3 en el Foro de AEM"},"content":{"rendered":"<!DOCTYPE html PUBLIC \"-\/\/W3C\/\/DTD HTML 4.0 Transitional\/\/EN\" \"http:\/\/www.w3.org\/TR\/REC-html40\/loose.dtd\">\n<html><body><p>El Gobernador Alfredo Cornejo particip&oacute; en&nbsp;el cierre del Foro de la Asociaci&oacute;n de Ejecutivos de Mendoza (AEM), donde brind&oacute; un discurso ante un auditorio repleto de empresarios y personalidades del sector. Lo acompa&ntilde;aron los ministros Mart&iacute;n Kerchner (Hacienda), Gianni Venier (Seguridad) y Jaime Correas (DGE).<\/p>\n<p>El encuentro&nbsp;organizado por AEM se realiz&oacute; este a&ntilde;o bajo el lema &ldquo;La empresa, motor para el desarrollo&rdquo;, donde se abordaron dos aspectos trascendentes relacionados con la econom&iacute;a de Mendoza: su inserci&oacute;n en el mundo y su competitividad. En este sentido, expusieron referentes tanto del sector p&uacute;blico como del privado.<\/p>\n<p>En el cierre del foro, Cornejo expuso: &ldquo;Todos los cambios que estamos haciendo van encaminados a la eficiencia, eficacia y la modernizaci&oacute;n del Estado. Quiero una Mendoza donde el Estado y el empresariado contribuyan a&nbsp;hacer una provincia mejor. Si a la Argentina le va bien, a Mendoza le va mucho mejor. Creo que se est&aacute;n dando pasos para eso&rdquo;.<\/p>\n<p>&ldquo;Haciendo referencia a las mejoras, es importante que destaquemos que en el sector educativo han bajado 40% las licencias, y las faltas individualmente 50%, por lo tanto vemos, que hac&iacute;a falta un incentivo positivo como el &iacute;tem aula&rdquo;, afirm&oacute; el mandatario durante su discurso.<\/p>\n<p>En relaci&oacute;n con&nbsp;otros aspectos de su gesti&oacute;n, el Gobernador resalt&oacute;: &ldquo;Los mendocinos nos eligieron y estamos haciendo de a poco todo lo que propusimos en campa&ntilde;a. Necesitamos que la Justicia sea &aacute;gil y con nuevas normas que ayuden a terminar con el crimen organizado. Si todos nos unimos, todos los sectores, vamos a salir adelante, vamos en ese camino&rdquo;.<\/p>\n<\/body><\/html>\n","protected":false},"excerpt":{"rendered":"Bajo el lema \u201cLa empresa, motor para el desarrollo\u201d, se desarroll\u00f3 en Mendoza el encuentro que tuvo por eje la inserci\u00f3n de la provincia en el mundo y su competitividad. Cornejo destac\u00f3 acciones de su gesti\u00f3n y apunt\u00f3 al trabajo en conjunto entre los sectores estatal y privado.","protected":false},"author":3,"featured_media":58165,"comment_status":"open","ping_status":"open","sticky":false,"template":"","format":"standard","meta":[],"categories":[19],"tags":[],"_links":{"self":[{"href":"https:\/\/www.mendoza.gov.ar\/prensa\/wp-json\/wp\/v2\/posts\/58164"}],"collection":[{"href":"https:\/\/www.mendoza.gov.ar\/prensa\/wp-json\/wp\/v2\/posts"}],"about":[{"href":"https:\/\/www.mendoza.gov.ar\/prensa\/wp-json\/wp\/v2\/types\/post"}],"author":[{"embeddable":true,"href":"https:\/\/www.mendoza.gov.ar\/prensa\/wp-json\/wp\/v2\/users\/3"}],"replies":[{"embeddable":true,"href":"https:\/\/www.mendoza.gov.ar\/prensa\/wp-json\/wp\/v2\/comments?post=58164"}],"version-history":[{"count":0,"href":"https:\/\/www.mendoza.gov.ar\/prensa\/wp-json\/wp\/v2\/posts\/58164\/revisions"}],"wp:featuredmedia":[{"embeddable":true,"href":"https:\/\/www.mendoza.gov.ar\/prensa\/wp-json\/wp\/v2\/media\/58165"}],"wp:attachment":[{"href":"https:\/\/www.mendoza.gov.ar\/prensa\/wp-json\/wp\/v2\/media?parent=58164"}],"wp:term":[{"taxonomy":"category","embeddable":true,"href":"https:\/\/www.mendoza.gov.ar\/prensa\/wp-json\/wp\/v2\/categories?post=58164"},{"taxonomy":"post_tag","embeddable":true,"href":"https:\/\/www.mendoza.gov.ar\/prensa\/wp-json\/wp\/v2\/tags?post=58164"}],"curies":[{"name":"wp","href":"https:\/\/api.w.org\/{rel}","templated":true}]}}