{"id":58398,"date":"2016-06-09T15:15:42","date_gmt":"2016-06-09T18:15:42","guid":{"rendered":"http:\/\/prensa.mendoza.gov.ar\/?p=58398"},"modified":"2016-06-09T15:15:42","modified_gmt":"2016-06-09T18:15:42","slug":"provincia-y-capital-compartiran-gastos-para-el-partido-argentina-uruguay","status":"publish","type":"post","link":"https:\/\/www.mendoza.gov.ar\/prensa\/provincia-y-capital-compartiran-gastos-para-el-partido-argentina-uruguay\/","title":{"rendered":"Provincia y Capital compartir\u00e1n gastos para el partido Argentina\u2013Uruguay"},"content":{"rendered":"<!DOCTYPE html PUBLIC \"-\/\/W3C\/\/DTD HTML 4.0 Transitional\/\/EN\" \"http:\/\/www.w3.org\/TR\/REC-html40\/loose.dtd\">\n<html><body><p>El Gobernador Alfredo Cornejo y el intendente de la Capital, Rodolfo Su&aacute;rez, firmaron un convenio de colaboraci&oacute;n a trav&eacute;s del cual se comprometen a aunar esfuerzos y compartir gastos para el partido eliminatorio Argentina-Uruguay, de cara al Mundial Rusia 2018. El encuentro se disputar&aacute; el pr&oacute;ximo 1 de septiembre en el estadio Malvinas Argentinas. El convenio fue firmado&nbsp;este mediod&iacute;a en el Cuarto Piso de la Casa de Gobierno.<\/p>\n<p>&ldquo;Es un gusto para nosotros estar promoviendo esta actividad y hacerlo en forma conjunta con la Municipalidad de la Capital, que ha tenido un gran compromiso con este evento&rdquo;, se&ntilde;al&oacute; Cornejo.<\/p>\n<p>El mandatario subray&oacute; el hecho de que los mendocinos podr&aacute;n &ldquo;disfrutar de un evento internacional, con sus principales figuras, que generar&aacute; un circuito econ&oacute;mico positivo que impactar&aacute; sobre toda la provincia. Ese es el objetivo con el que nos comprometimos a financiar el evento de&nbsp;forma conjunta con la Municipalidad de Capital&rdquo;.<\/p>\n<p>Su&aacute;rez indic&oacute; que el partido generar&aacute; &ldquo;ingresos para nuestros comercios y una gran actividad en la ciudad. Ya estamos realizando la difusi&oacute;n en toda la regi&oacute;n&rdquo;. El intendente aclar&oacute; que &ldquo;la Municipalidad se hace cargo de hoteler&iacute;a, comida y de los traslados internos&rdquo;.<\/p>\n<p>El subsecretario de Deportes, Federico Chiapetta, particip&oacute; durante la presentaci&oacute;n del compromiso. Inform&oacute; que &ldquo;tanto el Gobierno de la provincia como la Municipalidad de la Capital asumen y negocian los compromisos que pide la AFA en cuanto a la prestaci&oacute;n de servicios&rdquo;. Aclar&oacute; que &ldquo;los costos a&uacute;n se est&aacute;n negociando&rdquo; y que el Gobierno &ldquo;se har&aacute; cargo del traslado del seleccionado argentino desde Ezeiza hasta Mendoza&rdquo;.<\/p>\n<\/body><\/html>\n","protected":false},"excerpt":{"rendered":"As\u00ed lo anunci\u00f3 el Gobernador durante la firma del convenio con el intendente Su\u00e1rez.","protected":false},"author":3,"featured_media":58399,"comment_status":"open","ping_status":"open","sticky":false,"template":"","format":"standard","meta":[],"categories":[19],"tags":[],"_links":{"self":[{"href":"https:\/\/www.mendoza.gov.ar\/prensa\/wp-json\/wp\/v2\/posts\/58398"}],"collection":[{"href":"https:\/\/www.mendoza.gov.ar\/prensa\/wp-json\/wp\/v2\/posts"}],"about":[{"href":"https:\/\/www.mendoza.gov.ar\/prensa\/wp-json\/wp\/v2\/types\/post"}],"author":[{"embeddable":true,"href":"https:\/\/www.mendoza.gov.ar\/prensa\/wp-json\/wp\/v2\/users\/3"}],"replies":[{"embeddable":true,"href":"https:\/\/www.mendoza.gov.ar\/prensa\/wp-json\/wp\/v2\/comments?post=58398"}],"version-history":[{"count":0,"href":"https:\/\/www.mendoza.gov.ar\/prensa\/wp-json\/wp\/v2\/posts\/58398\/revisions"}],"wp:featuredmedia":[{"embeddable":true,"href":"https:\/\/www.mendoza.gov.ar\/prensa\/wp-json\/wp\/v2\/media\/58399"}],"wp:attachment":[{"href":"https:\/\/www.mendoza.gov.ar\/prensa\/wp-json\/wp\/v2\/media?parent=58398"}],"wp:term":[{"taxonomy":"category","embeddable":true,"href":"https:\/\/www.mendoza.gov.ar\/prensa\/wp-json\/wp\/v2\/categories?post=58398"},{"taxonomy":"post_tag","embeddable":true,"href":"https:\/\/www.mendoza.gov.ar\/prensa\/wp-json\/wp\/v2\/tags?post=58398"}],"curies":[{"name":"wp","href":"https:\/\/api.w.org\/{rel}","templated":true}]}}