{"id":58406,"date":"2016-06-09T15:57:28","date_gmt":"2016-06-09T18:57:28","guid":{"rendered":"http:\/\/prensa.mendoza.gov.ar\/?p=58406"},"modified":"2016-06-09T15:57:28","modified_gmt":"2016-06-09T18:57:28","slug":"ingreso-a-diputados-proyecto-de-modificacion-al-codigo-procesal-penal-para-la-unificacion-de-causas","status":"publish","type":"post","link":"https:\/\/www.mendoza.gov.ar\/prensa\/ingreso-a-diputados-proyecto-de-modificacion-al-codigo-procesal-penal-para-la-unificacion-de-causas\/","title":{"rendered":"Ingres\u00f3 a Diputados proyecto de modificaci\u00f3n al C\u00f3digo Procesal Penal para la unificaci\u00f3n de causas"},"content":{"rendered":"<!DOCTYPE html PUBLIC \"-\/\/W3C\/\/DTD HTML 4.0 Transitional\/\/EN\" \"http:\/\/www.w3.org\/TR\/REC-html40\/loose.dtd\">\n<html><body><p>El Poder Ejecutivo envi&oacute; a la C&aacute;mara de Diputados el proyecto de modificaci&oacute;n del C&oacute;digo Procesal Penal para la unificaci&oacute;n de causas.<\/p>\n<p>Seg&uacute;n se&ntilde;ala la fundamentaci&oacute;n de la iniciativa, este proyecto refiere a la &ldquo;eficacia de la investigaci&oacute;n fiscal y de la prisi&oacute;n preventiva para los casos de reiterancia delictiva y riesgo procesal previstos en los incisos 2 y 3 del Art&iacute;culo 293 del CPP, en la reciente sanci&oacute;n de la Ley N&ordm; 8869 sobre la prisi&oacute;n preventiva&rdquo;.<\/p>\n<p>Destacan en ese sentido que &ldquo;resulta necesario disponer normativamente y con claridad la diferencia que debe existir en la investigaci&oacute;n de las causas entre la unidad de investigador fiscal o unidad de investigaci&oacute;n y la acumulaci&oacute;n de procesos&rdquo;. Asimismo,&nbsp;afirman que &ldquo;la necesidad de la iniciativa est&aacute; relacionada con la confusi&oacute;n existente por la falta de claridad normativa entre lo que debe entenderse por unidad de investigador fiscal, la acumulaci&oacute;n de causas, como de la expresa prohibici&oacute;n de acumulaci&oacute;n de estas&rdquo;.<\/p>\n<p>En ese sentido, se modifican&nbsp; los art&iacute;culos 59&ordm; y 60&ordm;, relacionados con el efecto de la conexi&oacute;n: unidad de investigaci&oacute;n y juzgamiento y la excepci&oacute;n a la unidad de investigador o juzgador, respectivamente.<\/p>\n<p>Tales modificaciones propuestas apuntan al sistema de competencia de conexi&oacute;n de casos que establece el C&oacute;digo Procesal Penal en la Secci&oacute;n Tercera, del Cap&iacute;tulo 2, del T&iacute;tulo III, del Libro Primero, con relaci&oacute;n a s&oacute;lo dos de los tres art&iacute;culos que lo integran.<\/p>\n<p>&ldquo;Estamos convencidos de que el actual Art&iacute;culo 58 del CPP que dispone las causas de conexi&oacute;n debe ser mantenido en su actual redacci&oacute;n, por cuanto satisface las necesidades de la pol&iacute;tica p&uacute;blica en la materia&rdquo;, dicen los fundamentos.<\/p>\n<p><strong>Modificaciones<\/strong><\/p>\n<p>Los cambios previstos en el C&oacute;digo Procesal Penal disponen, en el Art&iacute;culo 59&ordm;, &ldquo;con toda claridad que cuando se sustancien causas conexas, el efecto jur&iacute;dico de dicha conexi&oacute;n de casos es, en primer lugar, la unidad de investigador y de juzgador, estableci&eacute;ndolo como obligatorio y que tal unidad puede o no implicar la acumulaci&oacute;n durante la misma etapa procesal seg&uacute;n que ello signifique o no un grave retardo&rdquo;, explica el texto.<\/p>\n<p>&ldquo;Hasta ahora s&oacute;lo se habla de unidad de juzgador cuando existen varias causas como un derecho del imputado, pero proponemos que ahora sea un efecto jur&iacute;dico directo de la conexi&oacute;n de causas, en lugar de la acumulaci&oacute;n, mientras que esta pasar&iacute;a a tratarse de una cuesti&oacute;n a decidir seg&uacute;n conveniencia pr&aacute;ctica, a los fines de la celeridad y pronta resoluci&oacute;n. Es decir que la acumulaci&oacute;n de causas se trata de una cuesti&oacute;n operativa. Ello sin perjuicio de otorgarle atribuciones al procurador para establecer otros criterios de unidad de la intervenci&oacute;n fiscal, pero debiendo siempre respetar esa unidad de investigador&rdquo;, expresa el Ejecutivo en su mensaje de elevaci&oacute;n a la Legislatura.<\/p>\n<p>Adem&aacute;s, para dar &ldquo;celeridad y evitar las innecesarias dilaciones que inspira el conflicto negativo de competencia, es que hemos establecido que la remisi&oacute;n para resolver el conflicto negativo sea perentoria, en un d&iacute;a de elevaci&oacute;n y en dos de resoluci&oacute;n, los que operan fatalmente&rdquo;.<\/p>\n<p>En cuanto a las excepciones, se sustituye el actual Art&iacute;culo 60&ordm; y &ldquo;teniendo en cuenta los argumentos de la resignificaci&oacute;n jur&iacute;dica de los efectos de la conexi&oacute;n al proyectado nuevo Art&iacute;culo 59, disponer como t&iacute;tulo &lsquo;Excepci&oacute;n a la unidad de investigador o juzgador&rsquo;, como asimismo suprimir la expresa prohibici&oacute;n prevista para el caso de la investigaci&oacute;n fiscal de varios hechos delictivos contra la misma persona; pero dejar como &uacute;nica excepci&oacute;n a la unidad de investigaci&oacute;n por el mismo fiscal y de juzgamiento por el mismo Tribunal el caso de procedimiento de flagrancia, el cual est&aacute; especialmente previsto por los Art&iacute;culos 439 bis, 439 ter y 439 quater&rdquo;, subrayan.<\/p>\n<\/body><\/html>\n","protected":false},"excerpt":{"rendered":"El Poder Ejecutivo remiti\u00f3 a la C\u00e1mara de Diputados el proyecto de modificaci\u00f3n al C\u00f3digo Procesal Penal para la unificaci\u00f3n de causas, que busca dar claridad normativa entre lo que debe entenderse por unidad de investigador fiscal, la acumulaci\u00f3n de causas, como de la expresa prohibici\u00f3n de acumulaci\u00f3n de estas.","protected":false},"author":3,"featured_media":58412,"comment_status":"open","ping_status":"open","sticky":false,"template":"","format":"standard","meta":[],"categories":[1],"tags":[],"_links":{"self":[{"href":"https:\/\/www.mendoza.gov.ar\/prensa\/wp-json\/wp\/v2\/posts\/58406"}],"collection":[{"href":"https:\/\/www.mendoza.gov.ar\/prensa\/wp-json\/wp\/v2\/posts"}],"about":[{"href":"https:\/\/www.mendoza.gov.ar\/prensa\/wp-json\/wp\/v2\/types\/post"}],"author":[{"embeddable":true,"href":"https:\/\/www.mendoza.gov.ar\/prensa\/wp-json\/wp\/v2\/users\/3"}],"replies":[{"embeddable":true,"href":"https:\/\/www.mendoza.gov.ar\/prensa\/wp-json\/wp\/v2\/comments?post=58406"}],"version-history":[{"count":0,"href":"https:\/\/www.mendoza.gov.ar\/prensa\/wp-json\/wp\/v2\/posts\/58406\/revisions"}],"wp:featuredmedia":[{"embeddable":true,"href":"https:\/\/www.mendoza.gov.ar\/prensa\/wp-json\/wp\/v2\/media\/58412"}],"wp:attachment":[{"href":"https:\/\/www.mendoza.gov.ar\/prensa\/wp-json\/wp\/v2\/media?parent=58406"}],"wp:term":[{"taxonomy":"category","embeddable":true,"href":"https:\/\/www.mendoza.gov.ar\/prensa\/wp-json\/wp\/v2\/categories?post=58406"},{"taxonomy":"post_tag","embeddable":true,"href":"https:\/\/www.mendoza.gov.ar\/prensa\/wp-json\/wp\/v2\/tags?post=58406"}],"curies":[{"name":"wp","href":"https:\/\/api.w.org\/{rel}","templated":true}]}}