{"id":58489,"date":"2016-06-10T12:21:18","date_gmt":"2016-06-10T15:21:18","guid":{"rendered":"http:\/\/prensa.mendoza.gov.ar\/?p=58489"},"modified":"2016-06-10T12:21:18","modified_gmt":"2016-06-10T15:21:18","slug":"modernizacion-del-estado-el-gobernador-anuncio-un-nuevo-sistema-de-seguridad-vial","status":"publish","type":"post","link":"https:\/\/www.mendoza.gov.ar\/prensa\/modernizacion-del-estado-el-gobernador-anuncio-un-nuevo-sistema-de-seguridad-vial\/","title":{"rendered":"Modernizaci\u00f3n del Estado: El Gobernador anunci\u00f3 un nuevo sistema de seguridad vial"},"content":{"rendered":"<!DOCTYPE html PUBLIC \"-\/\/W3C\/\/DTD HTML 4.0 Transitional\/\/EN\" \"http:\/\/www.w3.org\/TR\/REC-html40\/loose.dtd\">\n<html><body><p>En el marco de la celebraci&oacute;n del D&iacute;a de la Seguridad Vial, el Gobernador Alfredo Cornejo estuvo presente en la Nave Cultural. All&iacute; present&oacute; la nueva campa&ntilde;a interministerial que realizar&aacute; la Provincia en conjunto con los ministerios de Seguridad, Salud, Desarrollo Social y Deportes&nbsp;y las direcciones&nbsp;General de Escuelas y Servicios P&uacute;blicos.<\/p>\n<p>El mandatario indic&oacute; que ver el problema s&oacute;lo &ldquo;desde una perspectiva policial podr&iacute;a llevarnos a enga&ntilde;os, por eso estamos planteando una tarea interinstitucional p&uacute;blico-privada para mejorar estas condiciones&rdquo;. Celebr&oacute; que durante mayo la tasa de accidentes viales haya sido la m&aacute;s baja de los &uacute;ltimos a&ntilde;os y atribuy&oacute; el resultado a la &ldquo;intensificaci&oacute;n de los controles en las rutas y al trabajo coordinado con los municipios&rdquo;.<\/p>\n<p>Destac&oacute; la importancia de &ldquo;aplicar sanciones, tener m&aacute;s controles y una mejor educaci&oacute;n vial. Pero tambi&eacute;n necesitamos que los controles sean efectivos, que las multas se cobren y que el sistema asegurador le pague al sistema p&uacute;blico de salud cuando se atienda a los pacientes que llegan a los hospitales como producto de accidentes&rdquo;.<\/p>\n<p>En este sentido, detall&oacute; que se est&aacute; trabajando para poner en marcha un nuevo sistema de seguridad vial. &ldquo;Para eso estamos preparando un sistema de tercerizaci&oacute;n del cobro de las actas y de cada una de esas deudas y esas acreencias que tenemos a nuestro favor y que no estamos cobrando como producto de la mala organizaci&oacute;n del aparato estatal&rdquo;.<\/p>\n<p>En materia de aplicaci&oacute;n y de ejecuci&oacute;n de sanciones, plante&oacute;: &ldquo;Hemos estado muy atrasados tecnol&oacute;gicamente y con pocas herramientas para el control de la velocidad y tambi&eacute;n debemos invertir en esa tarea.&nbsp;Estamos previendo una licitaci&oacute;n donde las empresas que se hagan cargo del cobro de las multas de tr&aacute;nsito equipen a las fuerzas para prevenir y sancionar y para que les otorguen la mejor tecnolog&iacute;a posible para realizar esos controles&rdquo;.<\/p>\n<p>Notas relacionadas:&nbsp;<a href=\"https:\/\/www.mendoza.gov.ar\/prensa\/mayo-fue-el-mes-con-menos-accidentes-fatales-de-los-ultimos-10-anos\/\"><strong>Mayo fue el mes con menos accidentes fatales de los &uacute;ltimos 10 a&ntilde;os<\/strong><\/a><\/p>\n<p>&nbsp;<\/p>\n<\/body><\/html>\n","protected":false},"excerpt":{"rendered":"As\u00ed lo dijo durante la conmemoraci\u00f3n del D\u00eda de la Seguridad Vial, en la Nave Cultural. ","protected":false},"author":3,"featured_media":58507,"comment_status":"open","ping_status":"open","sticky":false,"template":"","format":"standard","meta":[],"categories":[19],"tags":[],"_links":{"self":[{"href":"https:\/\/www.mendoza.gov.ar\/prensa\/wp-json\/wp\/v2\/posts\/58489"}],"collection":[{"href":"https:\/\/www.mendoza.gov.ar\/prensa\/wp-json\/wp\/v2\/posts"}],"about":[{"href":"https:\/\/www.mendoza.gov.ar\/prensa\/wp-json\/wp\/v2\/types\/post"}],"author":[{"embeddable":true,"href":"https:\/\/www.mendoza.gov.ar\/prensa\/wp-json\/wp\/v2\/users\/3"}],"replies":[{"embeddable":true,"href":"https:\/\/www.mendoza.gov.ar\/prensa\/wp-json\/wp\/v2\/comments?post=58489"}],"version-history":[{"count":0,"href":"https:\/\/www.mendoza.gov.ar\/prensa\/wp-json\/wp\/v2\/posts\/58489\/revisions"}],"wp:featuredmedia":[{"embeddable":true,"href":"https:\/\/www.mendoza.gov.ar\/prensa\/wp-json\/wp\/v2\/media\/58507"}],"wp:attachment":[{"href":"https:\/\/www.mendoza.gov.ar\/prensa\/wp-json\/wp\/v2\/media?parent=58489"}],"wp:term":[{"taxonomy":"category","embeddable":true,"href":"https:\/\/www.mendoza.gov.ar\/prensa\/wp-json\/wp\/v2\/categories?post=58489"},{"taxonomy":"post_tag","embeddable":true,"href":"https:\/\/www.mendoza.gov.ar\/prensa\/wp-json\/wp\/v2\/tags?post=58489"}],"curies":[{"name":"wp","href":"https:\/\/api.w.org\/{rel}","templated":true}]}}