{"id":58562,"date":"2016-06-10T19:07:12","date_gmt":"2016-06-10T22:07:12","guid":{"rendered":"http:\/\/prensa.mendoza.gov.ar\/?p=58562"},"modified":"2016-06-10T19:07:12","modified_gmt":"2016-06-10T22:07:12","slug":"por-su-avanzada-edad-la-salud-del-oso-polar-arturo-vuelve-a-presentar-un-cuadro-delicado","status":"publish","type":"post","link":"https:\/\/www.mendoza.gov.ar\/prensa\/por-su-avanzada-edad-la-salud-del-oso-polar-arturo-vuelve-a-presentar-un-cuadro-delicado\/","title":{"rendered":"Por su avanzada edad, la salud del oso polar Arturo vuelve a presentar un cuadro delicado"},"content":{"rendered":"<!DOCTYPE html PUBLIC \"-\/\/W3C\/\/DTD HTML 4.0 Transitional\/\/EN\" \"http:\/\/www.w3.org\/TR\/REC-html40\/loose.dtd\">\n<html><body><p>La Direcci&oacute;n del Zool&oacute;gico comunic&oacute; que el oso polar Arturo se encuentra en estado delicado, con pron&oacute;stico de reservado a grave, siendo el aspecto de mayor preocupaci&oacute;n la p&eacute;rdida de apetito, consecuente con la disminuci&oacute;n de su peso en los &uacute;ltimos d&iacute;as y la p&eacute;rdida de visi&oacute;n y olfato.<\/p>\n<p>Cabe recordar que el 10 de mayo se realiz&oacute; un procedimiento de anestesia con especialistas del zool&oacute;gico, externos de la provincia y de Temaik&eacute;n de Buenos Aires para determinar las causas del decaimiento generalizado que el animal presentaba.<\/p>\n<p>Los estudios indicaron la presencia de oste&oacute;lisis del hueso nasal, es decir desgaste del hueso. Presuntamente, se produjo por una infecci&oacute;n ocasionada por una combinaci&oacute;n de bacterias y hongos, por lo que se realiz&oacute; un tratamiento antibi&oacute;tico espec&iacute;fico prolongado.<\/p>\n<p>La inspecci&oacute;n ocular revel&oacute; una p&eacute;rdida de visi&oacute;n cr&oacute;nica en el ojo derecho, probablemente de larga data y asociada a su edad. El ojo izquierdo no pudo ser examinado en detalle debido a la inflamaci&oacute;n que presentaba, producto del cuadro general infeccioso. Se presume que Arturo, hasta antes de la infecci&oacute;n, s&oacute;lo ve&iacute;a con el ojo izquierdo y al estar este afectado, haya perdido la capacidad de ver.<\/p>\n<p>Luego de la anestesia, y con la medicaci&oacute;n correspondiente, Arturo tuvo un per&iacute;odo de mejora relativa, aunque continuaron los problemas de visi&oacute;n, por lo que cuidadores y personal de mantenimiento refaccionaron el recinto para que pudiera desplazarse solamente y sin riesgo de ca&iacute;das, entre el dormitorio interno y la plataforma de suelo natural cercana, movimiento al que logr&oacute; adaptarse r&aacute;pidamente.<\/p>\n<p>Aunque el mam&iacute;fero recuper&oacute; actividad, se muestra cada d&iacute;a m&aacute;s renuente a recibir la medicaci&oacute;n -la que por el momento se administra de&nbsp;forma inyectable- y &uacute;ltimamente a recibir los alimentos, a pesar de variados intentos de enriquecimiento alimentario que contin&uacute;an realizando para lograr recuperar su&nbsp;apetito.<\/p>\n<p>Ayer se finaliz&oacute; una nueva modificaci&oacute;n al recinto: se agregaron&nbsp;barandas laterales en el camino de descenso a la pileta, para permitir una bajada segura. Se intenta con esto que el oso recupere la motivaci&oacute;n al poder ingresar al agua nuevamente y con ello lograr mayor nivel de actividad y, consecuentemente, de apetito.<\/p>\n<p>Es importante destacar que el oso polar Arturo es un animal geronte de casi 31 a&ntilde;os y no se encuentra en las condiciones f&iacute;sicas necesarias para ser trasladado, lo que hoy pondr&iacute;a en riesgo su vida. Es por eso que se est&aacute; trabajando en brindarle toda la atenci&oacute;n y comodidades requeridas para superar este cuadro, as&iacute; como para garantizarle una mejor calidad de vida en su recinto.<\/p>\n<p>Se continuar&aacute;&nbsp;informando sobre su estado general en los pr&oacute;ximos d&iacute;as.<\/p>\n<\/body><\/html>\n","protected":false},"excerpt":{"rendered":"As\u00ed lo inform\u00f3 la Direcci\u00f3n del Zool\u00f3gico provincial a trav\u00e9s de un comunicado. Por el momento, el animal se encuentra bajo supervisi\u00f3n y atenci\u00f3n constante con continuas mejoras en el recinto.","protected":false},"author":3,"featured_media":45707,"comment_status":"open","ping_status":"open","sticky":false,"template":"","format":"standard","meta":[],"categories":[3],"tags":[],"_links":{"self":[{"href":"https:\/\/www.mendoza.gov.ar\/prensa\/wp-json\/wp\/v2\/posts\/58562"}],"collection":[{"href":"https:\/\/www.mendoza.gov.ar\/prensa\/wp-json\/wp\/v2\/posts"}],"about":[{"href":"https:\/\/www.mendoza.gov.ar\/prensa\/wp-json\/wp\/v2\/types\/post"}],"author":[{"embeddable":true,"href":"https:\/\/www.mendoza.gov.ar\/prensa\/wp-json\/wp\/v2\/users\/3"}],"replies":[{"embeddable":true,"href":"https:\/\/www.mendoza.gov.ar\/prensa\/wp-json\/wp\/v2\/comments?post=58562"}],"version-history":[{"count":0,"href":"https:\/\/www.mendoza.gov.ar\/prensa\/wp-json\/wp\/v2\/posts\/58562\/revisions"}],"wp:featuredmedia":[{"embeddable":true,"href":"https:\/\/www.mendoza.gov.ar\/prensa\/wp-json\/wp\/v2\/media\/45707"}],"wp:attachment":[{"href":"https:\/\/www.mendoza.gov.ar\/prensa\/wp-json\/wp\/v2\/media?parent=58562"}],"wp:term":[{"taxonomy":"category","embeddable":true,"href":"https:\/\/www.mendoza.gov.ar\/prensa\/wp-json\/wp\/v2\/categories?post=58562"},{"taxonomy":"post_tag","embeddable":true,"href":"https:\/\/www.mendoza.gov.ar\/prensa\/wp-json\/wp\/v2\/tags?post=58562"}],"curies":[{"name":"wp","href":"https:\/\/api.w.org\/{rel}","templated":true}]}}