{"id":58654,"date":"2016-06-13T13:00:25","date_gmt":"2016-06-13T16:00:25","guid":{"rendered":"http:\/\/prensa.mendoza.gov.ar\/?p=58654"},"modified":"2016-06-13T13:00:25","modified_gmt":"2016-06-13T16:00:25","slug":"cornejo-queremos-fortalecer-nuestra-produccion-y-esto-debe-ser-de-la-mano-del-gobierno-nacional","status":"publish","type":"post","link":"https:\/\/www.mendoza.gov.ar\/prensa\/cornejo-queremos-fortalecer-nuestra-produccion-y-esto-debe-ser-de-la-mano-del-gobierno-nacional\/","title":{"rendered":"Cornejo: &quot;Queremos fortalecer nuestra producci\u00f3n y esto debe ser de la mano del Gobierno nacional&quot;"},"content":{"rendered":"<!DOCTYPE html PUBLIC \"-\/\/W3C\/\/DTD HTML 4.0 Transitional\/\/EN\" \"http:\/\/www.w3.org\/TR\/REC-html40\/loose.dtd\">\n<html><body><div>Esta ma&ntilde;ana, el Gobernador Alfredo Cornejo junto al ministro de Econom&iacute;a, Infraestructura y Energ&iacute;a, Enrique&nbsp;Vaqui&eacute;,&nbsp;y al secretario de Integraci&oacute;n de Pol&iacute;ticas Productivas de la&nbsp;Naci&oacute;n, Andr&eacute;s Boeninger,&nbsp;dieron inicio a&nbsp;la Mesa Provincial de&nbsp;Producci&oacute;n. Durante la apertura, el mandatario provincial asegur&oacute;: &ldquo;Queremos fortalecer nuestra producci&oacute;n y esto debe ser de la mano del Gobierno nacional y de los instrumentos que nos brinde&rdquo;.<\/div>\n<div><\/div>\n<div>Alfredo Cornejo explic&oacute; la situaci&oacute;n de Mendoza: &ldquo;Estamos poniendo &eacute;nfasis en organizar nuestra propia casa, organizar el Estado, hacerlo m&aacute;s eficiente y eficaz&rdquo;, y puntualiz&oacute;: &ldquo;Nos queda pendiente poner en marcha nuestro aparato productivo, que las empresas generen m&aacute;s riqueza y que el Estado est&eacute; preparado para la redistribuci&oacute;n, pero para eso tenemos que crecer y lo estamos haciendo&rdquo;. Finalmente,&nbsp;el Gobernador indic&oacute; que &ldquo;nuestra agenda debe ser regional atendiendo las situaciones de cada lugar&rdquo;.<\/div>\n<div><\/div>\n<div>Al respecto, Vaqui&eacute; coment&oacute;: &ldquo;Ninguna provincia puede crecer si no generamos empleo privado en blanco, y partir de eso festejamos las medidas nacionales para pymes&rdquo;. Y&nbsp;agreg&oacute;: &ldquo;Las perspectivas para Mendoza son favorables. Pertenecer a la alianza del Pac&iacute;fico&nbsp;y la vinculaci&oacute;n con el Atl&aacute;ntico nos posibilita un gran crecimiento econ&oacute;mico&rdquo;.<\/div>\n<div><\/div>\n<div>Esta iniciativa, que se realiz&oacute; en el Espacio Cultural Le Parc, se enmarca&nbsp; en el Programa Agenda de Desarrollo de la&nbsp;Naci&oacute;n y busca coordinar entre los gobiernos nacional y provincial las pol&iacute;ticas productivas, propiciando el intercambio que acerque las problem&aacute;ticas productivas priorizadas para definir, con mayor concreci&oacute;n, las herramientas a utilizar para superarlas.<\/div>\n<div><\/div>\n<div>Luego de la apertura institucional, se realizaron mesas de trabajo para&nbsp;distintos sectores, como metalmec&aacute;nico, nodos productivos y compras&nbsp;inclusivas, integraci&oacute;n productiva, financiamiento, pymes&nbsp;D, energ&iacute;as renovables, emprendedores&nbsp;y empresas de triple impacto, c&aacute;maras&nbsp;empresariales, parques industriales, consultorio de empresas, agroindustria, programas de empleo, audiovisual, biotecnolog&iacute;a, comercio&nbsp;interior, mejora de procedimientos para el sector vitivin&iacute;cola y madera.<\/div>\n<div><\/div>\n<div><strong>Firma de convenios<\/strong><\/div>\n<div>En el transcurso del d&iacute;a se firmaran varios&nbsp;convenios. En primer lugar, se rubricar&aacute; un acuerdo&nbsp;con el Banco de Inversi&oacute;n y&nbsp;Comercio Exterior (BICE), entre Pablo Garc&iacute;a, titular del banco, y Sergio&nbsp;Moralejo, director del Fondo para la Transformaci&oacute;n y Crecimiento de&nbsp;Mendoza (FTyC).<\/div>\n<div><\/div>\n<div>Otro de los convenios ser&aacute;n&nbsp;para promover el PAC Audiovisual, con Carolina Castro, subsecretaria de Gesti&oacute;n y Pol&iacute;tica Pyme del Ministerio&nbsp;de Producci&oacute;n la Naci&oacute;n, y Marcelo Ortega, presidente de la Asociaci&oacute;n Film&nbsp;Andes.<\/div>\n<div>Luego se firmar&aacute; un acta acuerdo para el fondeo del Programa 1 + 1&nbsp;entre Alfredo Marseill&aacute;n, subsecretario de Financiamiento del Ministerio de&nbsp;Producci&oacute;n de la Naci&oacute;n, y Enrique Vaqui&eacute;. Y, finalmente, entre el Javier Ib&aacute;&ntilde;ez, titular del INTI, y Jorge Fernando&nbsp;Bottino,&nbsp;de Electromec&aacute;nica Bottino Hnos. SA, se rubric&oacute; un convenio marco.<\/div>\n<div><\/div>\n<div>Por su parte, Sergio Drucaroff, subsecretario de Gesti&oacute;n Productiva del&nbsp;Ministerio de Producci&oacute;n de la Naci&oacute;n, entregar&aacute; certificados a diez pymes&nbsp;que accedieron al Programa Pymes D del Plan Nacional de Dise&ntilde;o.<\/div>\n<div><\/div>\n<p>&nbsp;<\/p>\n<\/body><\/html>\n","protected":false},"excerpt":{"rendered":"El Gobernador presidi\u00f3 la apertura de la Mesa Provincial de Producci\u00f3n, que se realiz\u00f3 en el Espacio Cultural Le Parc.","protected":false},"author":3,"featured_media":58694,"comment_status":"open","ping_status":"open","sticky":false,"template":"","format":"standard","meta":[],"categories":[19],"tags":[],"_links":{"self":[{"href":"https:\/\/www.mendoza.gov.ar\/prensa\/wp-json\/wp\/v2\/posts\/58654"}],"collection":[{"href":"https:\/\/www.mendoza.gov.ar\/prensa\/wp-json\/wp\/v2\/posts"}],"about":[{"href":"https:\/\/www.mendoza.gov.ar\/prensa\/wp-json\/wp\/v2\/types\/post"}],"author":[{"embeddable":true,"href":"https:\/\/www.mendoza.gov.ar\/prensa\/wp-json\/wp\/v2\/users\/3"}],"replies":[{"embeddable":true,"href":"https:\/\/www.mendoza.gov.ar\/prensa\/wp-json\/wp\/v2\/comments?post=58654"}],"version-history":[{"count":0,"href":"https:\/\/www.mendoza.gov.ar\/prensa\/wp-json\/wp\/v2\/posts\/58654\/revisions"}],"wp:featuredmedia":[{"embeddable":true,"href":"https:\/\/www.mendoza.gov.ar\/prensa\/wp-json\/wp\/v2\/media\/58694"}],"wp:attachment":[{"href":"https:\/\/www.mendoza.gov.ar\/prensa\/wp-json\/wp\/v2\/media?parent=58654"}],"wp:term":[{"taxonomy":"category","embeddable":true,"href":"https:\/\/www.mendoza.gov.ar\/prensa\/wp-json\/wp\/v2\/categories?post=58654"},{"taxonomy":"post_tag","embeddable":true,"href":"https:\/\/www.mendoza.gov.ar\/prensa\/wp-json\/wp\/v2\/tags?post=58654"}],"curies":[{"name":"wp","href":"https:\/\/api.w.org\/{rel}","templated":true}]}}