{"id":58877,"date":"2016-06-14T17:32:55","date_gmt":"2016-06-14T20:32:55","guid":{"rendered":"http:\/\/prensa.mendoza.gov.ar\/?p=58877"},"modified":"2016-06-14T17:32:55","modified_gmt":"2016-06-14T20:32:55","slug":"el-ministro-de-salud-informo-sobre-los-alcances-de-la-modificacion-a-la-ley-de-descentralizacion-hospitalaria","status":"publish","type":"post","link":"https:\/\/www.mendoza.gov.ar\/prensa\/el-ministro-de-salud-informo-sobre-los-alcances-de-la-modificacion-a-la-ley-de-descentralizacion-hospitalaria\/","title":{"rendered":"El ministro de Salud inform\u00f3 sobre la modificaci\u00f3n a la Ley de descentralizaci\u00f3n hospitalaria"},"content":{"rendered":"<!DOCTYPE html PUBLIC \"-\/\/W3C\/\/DTD HTML 4.0 Transitional\/\/EN\" \"http:\/\/www.w3.org\/TR\/REC-html40\/loose.dtd\">\n<html><body><p>El ministro de Salud, Desarrollo Social y Deportes, Rub&eacute;n Giacchi, expuso hoy ante la Comisi&oacute;n de Salud de la C&aacute;mara de Diputados sobre la modificaci&oacute;n a la Ley de descentralizaci&oacute;n hospitalaria.<\/p>\n<p>Al comienzo de la reuni&oacute;n, Giacchi detall&oacute; los principales puntos del proyecto y sostuvo que &ldquo;luego de 23 a&ntilde;os de esta ley, se han visto cosas buenas y otras que no han salido tan bien. Los hospitales han privilegiado sus necesidades en muchos aspectos y no hubo un control estricto de la gesti&oacute;n. No es una centralizaci&oacute;n del sistema sino que fija pautas para lograr los objetivos. En donde los hospitales act&uacute;en en consecuencia con el resto de las necesidades de la provincia&rdquo;.<\/p>\n<p>Esta norma, indic&oacute; el titular del &aacute;rea de salud, mantiene facultades intacta a los directores, para lo cotidiano, que sigan realizando compras y licitaciones &nbsp;a trav&eacute;s de los presupuesto. Se trata de &nbsp;recuperar la gesti&oacute;n y optimizar los recursos.<\/p>\n<p>Consultado por los legisladores, el funcionario explic&oacute; cada una de las inquietudes, especialmente en las referidas a la gratuidad del sistema y en las caracter&iacute;sticas que tendr&iacute;a la Red Provincial Regionalizada de Salud, que ha permitido dividir a la provincia en 5 regiones que, con un coordinador, establecen las necesidades y prioridades de cada sector.<\/p>\n<p>Asimismo, el proyecto establece como &ldquo;principios que los hospitales p&uacute;blicos deber&aacute;n regirse por los principios b&aacute;sicos de universalidad, integralidad, subsidiariedad, oportunidad y equidad en las prestaciones. Su objeto general es desarrollar las actividades de promoci&oacute;n, protecci&oacute;n, recuperaci&oacute;n, rehabilitaci&oacute;n, cuidados paliativos, prevenci&oacute;n de enfermedades, docencia e investigaci&oacute;n y todas las otras acciones referidas a la salud, que aseguren en forma coordinada con los restantes efectores sanitarios de distinta complejidad y dependencia la atenci&oacute;n sanitaria de la poblaci&oacute;n conforme a las pol&iacute;ticas que establezca el Poder Ejecutivo Provincial&rdquo;.<\/p>\n<p>La accesibilidad a los servicios de salud estar&aacute; garantizada para todas las personas y, atento al principio de subsidiariedad, las prestaciones ser&aacute;n a cargo del Estado provincial para aquellas que no posean cobertura social.<\/p>\n<p><a href=\"https:\/\/www.mendoza.gov.ar\/prensa\/wp-content\/uploads\/sites\/23\/RUBEN.jpg\"><img loading=\"lazy\" class=\"alignnone wp-image-58880 img-responsive center-block\" src=\"https:\/\/www.mendoza.gov.ar\/prensa\/wp-content\/uploads\/sites\/23\/RUBEN.jpg\" alt=\"\" width=\"650\" height=\"433\"><\/a><\/p>\n<p>El hospital p&uacute;blico descentralizado cumplir&aacute; sus objetivos con la plena capacidad de las personas jur&iacute;dicas para adquirir derechos y contraer obligaciones, pudiendo actuar p&uacute;blica y privadamente. En tanto, su relaci&oacute;n con el Poder Ejecutivo Provincial se mantendr&aacute; a trav&eacute;s del Ministerio de Salud, Desarrollo Social y Deportes.<\/p>\n<p>En cuanto a la designaci&oacute;n de los directores, ser&aacute; herramienta del Poder Ejecutivo y deber&aacute;n ser profesionales con t&iacute;tulo universitario, acreditar su capacitaci&oacute;n en el gerenciamiento o administraci&oacute;n de entes hospitalarios o de salud, con cursos que certifiquen una carga horaria m&iacute;nima de cuatrocientas horas en la especialidad. Los directores&nbsp;durar&aacute;n en sus cargos el tiempo que corresponda al mandato del Poder Ejecutivo que los design&oacute; y podr&aacute;n ser removidos sin expresi&oacute;n de causa.<\/p>\n<p>Participaron en&nbsp;la reuni&oacute;n los diputados H&eacute;ctor Fresina (FIT-PO), Norma Pag&eacute;s (UCR), Mar&iacute;a Jos&eacute; Sanz (UCR), Jorge L&oacute;pez (UCR), Daniel Rueda (FPV), Silvia Ramos (FPV), Patricia Galv&aacute;n (FPV), Stella Maris Ruiz (UCR), Cecilia Soria (FIT-PTS), Claudia Segovia (FPV) y Pablo Priore (PRO).<\/p>\n<\/body><\/html>\n","protected":false},"excerpt":{"rendered":"La Comisi\u00f3n de Salud, que preside la diputada Liliana P\u00e9rez (UCR), recibi\u00f3 al ministro de Salud, Rub\u00e9n Giacchi, quien inform\u00f3 sobre el proyecto de ley que busca modificar la Ley de descentralizaci\u00f3n hospitalaria.","protected":false},"author":3,"featured_media":58879,"comment_status":"open","ping_status":"open","sticky":false,"template":"","format":"standard","meta":[],"categories":[1],"tags":[],"_links":{"self":[{"href":"https:\/\/www.mendoza.gov.ar\/prensa\/wp-json\/wp\/v2\/posts\/58877"}],"collection":[{"href":"https:\/\/www.mendoza.gov.ar\/prensa\/wp-json\/wp\/v2\/posts"}],"about":[{"href":"https:\/\/www.mendoza.gov.ar\/prensa\/wp-json\/wp\/v2\/types\/post"}],"author":[{"embeddable":true,"href":"https:\/\/www.mendoza.gov.ar\/prensa\/wp-json\/wp\/v2\/users\/3"}],"replies":[{"embeddable":true,"href":"https:\/\/www.mendoza.gov.ar\/prensa\/wp-json\/wp\/v2\/comments?post=58877"}],"version-history":[{"count":0,"href":"https:\/\/www.mendoza.gov.ar\/prensa\/wp-json\/wp\/v2\/posts\/58877\/revisions"}],"wp:featuredmedia":[{"embeddable":true,"href":"https:\/\/www.mendoza.gov.ar\/prensa\/wp-json\/wp\/v2\/media\/58879"}],"wp:attachment":[{"href":"https:\/\/www.mendoza.gov.ar\/prensa\/wp-json\/wp\/v2\/media?parent=58877"}],"wp:term":[{"taxonomy":"category","embeddable":true,"href":"https:\/\/www.mendoza.gov.ar\/prensa\/wp-json\/wp\/v2\/categories?post=58877"},{"taxonomy":"post_tag","embeddable":true,"href":"https:\/\/www.mendoza.gov.ar\/prensa\/wp-json\/wp\/v2\/tags?post=58877"}],"curies":[{"name":"wp","href":"https:\/\/api.w.org\/{rel}","templated":true}]}}