{"id":58955,"date":"2016-06-15T13:40:14","date_gmt":"2016-06-15T16:40:14","guid":{"rendered":"http:\/\/prensa.mendoza.gov.ar\/?p=58955"},"modified":"2016-06-15T13:40:14","modified_gmt":"2016-06-15T16:40:14","slug":"mendoza-tendra-una-central-termoelectrica","status":"publish","type":"post","link":"https:\/\/www.mendoza.gov.ar\/prensa\/mendoza-tendra-una-central-termoelectrica\/","title":{"rendered":"Mendoza tendr\u00e1 una central termoel\u00e9ctrica"},"content":{"rendered":"<!DOCTYPE html PUBLIC \"-\/\/W3C\/\/DTD HTML 4.0 Transitional\/\/EN\" \"http:\/\/www.w3.org\/TR\/REC-html40\/loose.dtd\">\n<html><body><p>El Gobernador Alfredo Cornejo anunci&oacute; que&nbsp;la Empresa Mendocina de Energ&iacute;a (Emesa) gan&oacute; el llamado a licitaci&oacute;n p&uacute;blica que realiz&oacute; la&nbsp;Secretar&iacute;a de Energ&iacute;a de la Naci&oacute;n para construir una central el&eacute;ctrica modular.<\/p>\n<p>El mandatario explic&oacute; que &ldquo;se trata de un proyecto muy ambicioso en el que est&aacute;bamos trabajando desde hace algunos meses. Nos informaron desde la Naci&oacute;n que hemos sido elegidos, entre varias empresas privadas, en las licitaciones que est&aacute;n en marcha de energ&iacute;as t&eacute;rmicas&rdquo;.<\/p>\n<p>Acompa&ntilde;ado por&nbsp;el subsecretario de Energ&iacute;a y Miner&iacute;a,&nbsp;Emilio Gui&ntilde;az&uacute;&nbsp;Fader,&nbsp;quien lider&oacute; el proyecto, y por el representante de Emesa, Pablo&nbsp;Magistocchi, a cargo del gerenciamiento de la idea, Cornejo alab&oacute; el trabajo hecho por el equipo. &ldquo;Es un proyecto puramente p&uacute;blico que en su concepci&oacute;n se hizo en Emesa y que cont&oacute; con un excelente equipo t&eacute;cnico de trabajo que nos permitir&aacute; concretar el primer gasoducto virtual de la provincia, donde el Estado ser&aacute; socio de tres empresas inversoras, constituidas en una UTE &nbsp;(uni&oacute;n transitoria de empresas Cammesa&nbsp;y&nbsp;Emesa)&rdquo;, afirm&oacute;.<\/p>\n<p>Se&ntilde;al&oacute; que la importancia de este proyecto radica en que &ldquo;despu&eacute;s de Potrerillos, va a ser el primer agregado de potencia energ&eacute;tica que tiene la provincia&rdquo;, adem&aacute;s del hecho de que cerca de 15 mil hogares se ver&aacute;n beneficiados por &ldquo;contar con una mejor calidad de energ&iacute;a&rdquo;. Se prev&eacute; que ingresar&aacute;n a las arcas provinciales cerca de 3 millones de d&oacute;lares anuales por regal&iacute;as.<\/p>\n<p>Por su parte Gui&ntilde;az&uacute; subray&oacute;:&nbsp; &ldquo;Con este proyecto estamos creando un nuevo vector energ&eacute;tico para Mendoza. El gas que se va a utilizar para la producci&oacute;n de energ&iacute;a no se utilizaba, proven&iacute;a de pozos que por su baja productividad no podr&iacute;an conectarse al sistema troncal, y con esta nueva tecnolog&iacute;a, que es utilizar plantas compresoras para liquificar ese gas, ahora puede ser transportado hasta los lugares de consumo. No s&oacute;lo aumenta la generaci&oacute;n de energ&iacute;a en la provincia, sino que aumenta la producci&oacute;n de gas, aumentando las regal&iacute;as para Mendoza e introduce nueva tecnolog&iacute;a que nos va a permitir atender anticipadamente las demandas insatisfechas de gas en el resto de la provincia&rdquo;.<\/p>\n<p>La central el&eacute;ctrica modular tendr&aacute; una capacidad de 50MW e inyectar&aacute; energ&iacute;a en el nodo Anchoris para reforzar los distritos del Valle de Uco.<\/p>\n<p>La concreci&oacute;n de la Central T&eacute;rmica Anchoris traer&aacute; consigo la instalaci&oacute;n de tecnolog&iacute;a de innovaci&oacute;n en licuefacci&oacute;n de gas (gas natural licuado) en Mendoza. Esto repercutir&aacute; de manera positiva en los costos de gas natural en centros de consumo aislados.<\/p>\n<p><strong>Detalles t&eacute;cnicos del proyecto<\/strong><\/p>\n<p>La planta Anchoris prev&eacute; la instalaci&oacute;n de una central el&eacute;ctrica modular compacta con motores de combusti&oacute;n interna de 50MW dise&ntilde;ada para inyectar energ&iacute;a en uno de los nodos con mayor d&eacute;ficit energ&eacute;tico de la provincia y cercano a una zona de gran desarrollo vitivin&iacute;cola y tur&iacute;stico.<\/p>\n<p>El predio elegido para la construcci&oacute;n se ubica en el distrito El Carrizal, departamento de Luj&aacute;n de Cuyo, y fue seleccionado estrat&eacute;gicamente debido a su cercan&iacute;a con la Estaci&oacute;n Transformadora Anchoris y por ubicarse sobre la l&iacute;nea de interconexi&oacute;n de dos de los mayores puntos de consumo de la provincia: la Ciudad de Mendoza y San Rafael.<\/p>\n<p>La central t&eacute;rmica utilizar&aacute; fueloil como combustible principal, aunque las instalaciones est&aacute;n dise&ntilde;adas para funcionar con gas natural o combustibles l&iacute;quidos indistintamente.<\/p>\n<p>Estas plantas presentan alta eficiencia:&nbsp;requieren&nbsp;menos combustible por cada megawatt generado. Tambi&eacute;n proporcionan generaci&oacute;n energ&eacute;tica de base, compensaci&oacute;n de picos de demanda y seguimiento de carga con alta eficiencia, as&iacute; como reservas de red ultrarr&aacute;pidas para el sistema energ&eacute;tico nacional.<\/p>\n<p>Las centrales multicombustible hacen la generaci&oacute;n el&eacute;ctrica m&aacute;s fiable, al ser capaces de adaptarse a cualquier contingencia relativa a la disponibilidad o precio de los combustibles. Es decir que presentan protecci&oacute;n contra los aumentos de precio del combustible y preparaci&oacute;n ante el desarrollo futuro de la infraestructura de suministro de combustible.<\/p>\n<p>&nbsp;<\/p>\n<\/body><\/html>\n","protected":false},"excerpt":{"rendered":"As\u00ed lo anunci\u00f3 el Gobernador luego de que desde la Naci\u00f3n le informaron que la Empresa Mendocina de Energ\u00eda (Emesa) fue seleccionada para poner en marcha el proyecto. La central permitir\u00e1 el ingreso de 3 millones de d\u00f3lares anuales en regal\u00edas para Mendoza y un ahorro en los costos de gas natural en centros de consumo aislados.","protected":false},"author":3,"featured_media":58966,"comment_status":"open","ping_status":"open","sticky":false,"template":"","format":"standard","meta":[],"categories":[19],"tags":[],"_links":{"self":[{"href":"https:\/\/www.mendoza.gov.ar\/prensa\/wp-json\/wp\/v2\/posts\/58955"}],"collection":[{"href":"https:\/\/www.mendoza.gov.ar\/prensa\/wp-json\/wp\/v2\/posts"}],"about":[{"href":"https:\/\/www.mendoza.gov.ar\/prensa\/wp-json\/wp\/v2\/types\/post"}],"author":[{"embeddable":true,"href":"https:\/\/www.mendoza.gov.ar\/prensa\/wp-json\/wp\/v2\/users\/3"}],"replies":[{"embeddable":true,"href":"https:\/\/www.mendoza.gov.ar\/prensa\/wp-json\/wp\/v2\/comments?post=58955"}],"version-history":[{"count":0,"href":"https:\/\/www.mendoza.gov.ar\/prensa\/wp-json\/wp\/v2\/posts\/58955\/revisions"}],"wp:featuredmedia":[{"embeddable":true,"href":"https:\/\/www.mendoza.gov.ar\/prensa\/wp-json\/wp\/v2\/media\/58966"}],"wp:attachment":[{"href":"https:\/\/www.mendoza.gov.ar\/prensa\/wp-json\/wp\/v2\/media?parent=58955"}],"wp:term":[{"taxonomy":"category","embeddable":true,"href":"https:\/\/www.mendoza.gov.ar\/prensa\/wp-json\/wp\/v2\/categories?post=58955"},{"taxonomy":"post_tag","embeddable":true,"href":"https:\/\/www.mendoza.gov.ar\/prensa\/wp-json\/wp\/v2\/tags?post=58955"}],"curies":[{"name":"wp","href":"https:\/\/api.w.org\/{rel}","templated":true}]}}