{"id":59110,"date":"2016-06-16T18:08:54","date_gmt":"2016-06-16T21:08:54","guid":{"rendered":"http:\/\/prensa.mendoza.gov.ar\/?p=59110"},"modified":"2016-06-16T18:08:54","modified_gmt":"2016-06-16T21:08:54","slug":"cerca-de-300-ninos-y-jovenes-prometieron-y-juraron-lealtad-a-la-bandera-ante-el-gobernador","status":"publish","type":"post","link":"https:\/\/www.mendoza.gov.ar\/prensa\/cerca-de-300-ninos-y-jovenes-prometieron-y-juraron-lealtad-a-la-bandera-ante-el-gobernador\/","title":{"rendered":"Cerca de 300 ni\u00f1os prometieron lealtad a la Bandera ante el Gobernador"},"content":{"rendered":"<!DOCTYPE html PUBLIC \"-\/\/W3C\/\/DTD HTML 4.0 Transitional\/\/EN\" \"http:\/\/www.w3.org\/TR\/REC-html40\/loose.dtd\">\n<html><body><p>En el a&ntilde;o del Bicentenario de la Independencia, el Gobernador Alfredo Cornejo particip&oacute; en&nbsp;el acto oficial por la conmemoraci&oacute;n del D&iacute;a de la Bandera. Lo hizo en el colegio Nuestra Se&ntilde;ora del Huerto, de la localidad de Eugenio Bustos, en el departamento de San Carlos. En el lugar, establecimiento educativo donde el Gobernador curs&oacute; sus primeros a&ntilde;os de estudios primarios, cerca de 300 ni&ntilde;os prometieron lealtad a la Bandera.<\/p>\n<p>&ldquo;La Bandera para muchas personas puede ser tan s&oacute;lo un s&iacute;mbolo, pero la lucha que llevaron a cabo muchos pr&oacute;ceres en su nombre la convierte en mucho m&aacute;s que eso&rdquo;, dijo el Gobernador al inicio de su discurso. Emocionado y rodeado de ni&ntilde;os recorri&oacute;, el lugar donde record&oacute; algunas an&eacute;cdotas tras el paso de su infancia en el lugar.<\/p>\n<p>Puso especial &eacute;nfasis en la ardua labor de administrar los recursos estatales e hizo hincapi&eacute; en la educaci&oacute;n. &ldquo;Las autoridades que estamos hoy, y sin dudas las que estuvieron antes, siempre vamos a estar en deuda con nuestro pueblo. Pero quiero decirles que nos anima a todos la mejor de las intenciones para hacer que nuestra educaci&oacute;n funcione cada vez mejor, con el esfuerzo que hacen las autoridades y docentes, queremos que funcionen mejor los servicios estatales&rdquo;, dijo el mandatario.<\/p>\n<p>Se&ntilde;al&oacute; la importancia de &ldquo;volver a tener una mirada de buena administraci&oacute;n de los servicios. La plata no es de los gobernantes, la plata la administran los gobernantes pero es de ustedes, de los ciudadanos&rdquo;.<\/p>\n<p>Al finalizar la recorrida, el Gobernador entreg&oacute;&nbsp;banderas de flameo Nacional y Provincial donadas por el Gobierno a la escuela. Fueron recibidas por la regente del nivel primario del establecimiento educativo.<\/p>\n<\/body><\/html>\n","protected":false},"excerpt":{"rendered":"Alfredo Cornejo presidi\u00f3 el acto oficial por la conmemoraci\u00f3n del D\u00eda de la Bandera, en el colegio Nuestra Se\u00f1ora del Huerto, en el departamento de San Carlos, donde estudi\u00f3.","protected":false},"author":3,"featured_media":59139,"comment_status":"open","ping_status":"open","sticky":false,"template":"","format":"standard","meta":[],"categories":[19],"tags":[],"_links":{"self":[{"href":"https:\/\/www.mendoza.gov.ar\/prensa\/wp-json\/wp\/v2\/posts\/59110"}],"collection":[{"href":"https:\/\/www.mendoza.gov.ar\/prensa\/wp-json\/wp\/v2\/posts"}],"about":[{"href":"https:\/\/www.mendoza.gov.ar\/prensa\/wp-json\/wp\/v2\/types\/post"}],"author":[{"embeddable":true,"href":"https:\/\/www.mendoza.gov.ar\/prensa\/wp-json\/wp\/v2\/users\/3"}],"replies":[{"embeddable":true,"href":"https:\/\/www.mendoza.gov.ar\/prensa\/wp-json\/wp\/v2\/comments?post=59110"}],"version-history":[{"count":0,"href":"https:\/\/www.mendoza.gov.ar\/prensa\/wp-json\/wp\/v2\/posts\/59110\/revisions"}],"wp:featuredmedia":[{"embeddable":true,"href":"https:\/\/www.mendoza.gov.ar\/prensa\/wp-json\/wp\/v2\/media\/59139"}],"wp:attachment":[{"href":"https:\/\/www.mendoza.gov.ar\/prensa\/wp-json\/wp\/v2\/media?parent=59110"}],"wp:term":[{"taxonomy":"category","embeddable":true,"href":"https:\/\/www.mendoza.gov.ar\/prensa\/wp-json\/wp\/v2\/categories?post=59110"},{"taxonomy":"post_tag","embeddable":true,"href":"https:\/\/www.mendoza.gov.ar\/prensa\/wp-json\/wp\/v2\/tags?post=59110"}],"curies":[{"name":"wp","href":"https:\/\/api.w.org\/{rel}","templated":true}]}}