{"id":59262,"date":"2016-06-22T09:20:30","date_gmt":"2016-06-22T12:20:30","guid":{"rendered":"http:\/\/prensa.mendoza.gov.ar\/?p=59262"},"modified":"2016-06-22T09:20:30","modified_gmt":"2016-06-22T12:20:30","slug":"buscan-mejorar-la-participacion-local-en-el-ordenamiento-territorial-de-los-bosques-nativos","status":"publish","type":"post","link":"https:\/\/www.mendoza.gov.ar\/prensa\/buscan-mejorar-la-participacion-local-en-el-ordenamiento-territorial-de-los-bosques-nativos\/","title":{"rendered":"Buscan mejorar la participaci\u00f3n local en el ordenamiento territorial de los bosques nativos"},"content":{"rendered":"<!DOCTYPE html PUBLIC \"-\/\/W3C\/\/DTD HTML 4.0 Transitional\/\/EN\" \"http:\/\/www.w3.org\/TR\/REC-html40\/loose.dtd\">\n<html><body><p>La Direcci&oacute;n de Bosques Nativos de la Naci&oacute;n llev&oacute; adelante una capacitaci&oacute;n sobre&nbsp;la participaci&oacute;n social en el proceso de ordenamiento territorial de nuestros bosques nativos, que cubren m&aacute;s de 2 millones de hect&aacute;reas protegidas por ley.<\/p>\n<p>En el&nbsp;encuentro, se present&oacute; una propuesta metodol&oacute;gica para optimizar el abordaje y los v&iacute;nculos con el poblador, a fin de incorporar su mirada y sus pr&aacute;cticas culturales respecto del ambiente en general y de&nbsp;los bosques en particular.<\/p>\n<p>Participaron en esta capacitaci&oacute;n especialistas mendocinos representantes de Ordenamiento Territorial; del Instituto Argentino de Nivolog&iacute;a, Glaciolog&iacute;a y Ciencias Ambientales (Ianigla); el Instituto Argentino de Investigaciones de Zonas &Aacute;ridas&nbsp;(Iadiza), adem&aacute;s de la Unidad de Bosques Nativos de la Secretar&iacute;a de Ambiente de la Provincia.<\/p>\n<p>El Programa de Bosques Nativos de la Secretar&iacute;a de Ambiente de la Provincia, por su parte, financia la protecci&oacute;n de estos ecosistemas cada vez m&aacute;s amenazados en el mundo, a trav&eacute;s de los mismos pobladores locales, que -al habitar el territorio- tienen la posibilidad de ser sus mejores agentes protectores y custodios.<\/p>\n<p>En la actualidad est&aacute;n funcionando de forma exitosa 111 planes de manejo de bosques a cargo de beneficiarios en los departamentos de Lavalle, La Paz, Santa Rosa, San Rafael y General&nbsp;Alvear. En total, estos planes protegen una superficie cercana al mill&oacute;n de hect&aacute;reas.<\/p>\n<p>&nbsp;<\/p>\n<\/body><\/html>\n","protected":false},"excerpt":{"rendered":"En un encuentro entre Naci\u00f3n y Provincia se present\u00f3 una propuesta metodol\u00f3gica para optimizar el abordaje y los v\u00ednculos con el poblador a fin de incorporar su mirada y sus pr\u00e1cticas culturales respecto del ambiente en general y de los bosques en particular.","protected":false},"author":3,"featured_media":59263,"comment_status":"open","ping_status":"open","sticky":false,"template":"","format":"standard","meta":[],"categories":[3],"tags":[],"_links":{"self":[{"href":"https:\/\/www.mendoza.gov.ar\/prensa\/wp-json\/wp\/v2\/posts\/59262"}],"collection":[{"href":"https:\/\/www.mendoza.gov.ar\/prensa\/wp-json\/wp\/v2\/posts"}],"about":[{"href":"https:\/\/www.mendoza.gov.ar\/prensa\/wp-json\/wp\/v2\/types\/post"}],"author":[{"embeddable":true,"href":"https:\/\/www.mendoza.gov.ar\/prensa\/wp-json\/wp\/v2\/users\/3"}],"replies":[{"embeddable":true,"href":"https:\/\/www.mendoza.gov.ar\/prensa\/wp-json\/wp\/v2\/comments?post=59262"}],"version-history":[{"count":0,"href":"https:\/\/www.mendoza.gov.ar\/prensa\/wp-json\/wp\/v2\/posts\/59262\/revisions"}],"wp:featuredmedia":[{"embeddable":true,"href":"https:\/\/www.mendoza.gov.ar\/prensa\/wp-json\/wp\/v2\/media\/59263"}],"wp:attachment":[{"href":"https:\/\/www.mendoza.gov.ar\/prensa\/wp-json\/wp\/v2\/media?parent=59262"}],"wp:term":[{"taxonomy":"category","embeddable":true,"href":"https:\/\/www.mendoza.gov.ar\/prensa\/wp-json\/wp\/v2\/categories?post=59262"},{"taxonomy":"post_tag","embeddable":true,"href":"https:\/\/www.mendoza.gov.ar\/prensa\/wp-json\/wp\/v2\/tags?post=59262"}],"curies":[{"name":"wp","href":"https:\/\/api.w.org\/{rel}","templated":true}]}}