{"id":59271,"date":"2016-06-21T11:12:57","date_gmt":"2016-06-21T14:12:57","guid":{"rendered":"http:\/\/prensa.mendoza.gov.ar\/?p=59271"},"modified":"2016-06-21T11:12:57","modified_gmt":"2016-06-21T14:12:57","slug":"un-centenar-de-interesados-asistieron-al-curso-para-la-proteccion-de-nuestros-recursos-naturales","status":"publish","type":"post","link":"https:\/\/www.mendoza.gov.ar\/prensa\/un-centenar-de-interesados-asistieron-al-curso-para-la-proteccion-de-nuestros-recursos-naturales\/","title":{"rendered":"Un centenar de interesados asistieron al curso para la protecci\u00f3n de recursos naturales"},"content":{"rendered":"<!DOCTYPE html PUBLIC \"-\/\/W3C\/\/DTD HTML 4.0 Transitional\/\/EN\" \"http:\/\/www.w3.org\/TR\/REC-html40\/loose.dtd\">\n<html><body><p>Se realiz&oacute;&nbsp;el &ldquo;Curso Provincial de Inspectores Ad Honorem para la Protecci&oacute;n de nuestros Recursos Naturales&rdquo;. Cont&oacute; con m&aacute;s de cien interesados en sumarse a una serie de tareas de prevenci&oacute;n y monitoreo de actividades da&ntilde;inas para el ambiente, como la caza furtiva, la tala de &aacute;rboles, la poda indiscriminada o la pesca no autorizada.<\/p>\n<p>&ldquo;Este curso se implement&oacute; con el objeto de sumar voluntades que extiendan&nbsp; la tarea de conservaci&oacute;n de recursos naturales, de multiplicar nuestro accionar y comprometer a todos los actores sociales y a la ciudadan&iacute;a en general&rdquo;, sintetiz&oacute; la directora de Recursos Naturales Renovables de la Provincia (DRNR) respecto de&nbsp;este curso organizado por la Secretar&iacute;a de Ambiente y Ordenamiento Territorial.<\/p>\n<p>Asistieron numerosos alumnos de la Facultad de Ciencias Agrarias, estudiantes de la Tecnicatura de Conservaci&oacute;n de la Naturaleza, bomberos voluntarios, integrantes de la polic&iacute;a rural, adem&aacute;s de p&uacute;blico en general. Tambi&eacute;n participaron diferentes instituciones involucradas en las tareas de protecci&oacute;n de recursos naturales.<\/p>\n<p>Esta iniciativa ya fue implementada hace 25 a&ntilde;os por la secretar&iacute;a con excelentes resultados que motivaron la reedici&oacute;n del curso con la expectativa de multiplicar el esfuerzo de contralor y cuidado por parte de las instituciones p&uacute;blicas en conjunto con las ONG comprometidas con estas pr&aacute;cticas ambientales.<\/p>\n<p>El curso estuvo conformado por tres jornadas te&oacute;ricas y la semana pr&oacute;xima culminar&aacute; con dos jornadas pr&aacute;cticas. Una, el s&aacute;bado 25 de junio, en la Municipalidad de Capital, en la que se ver&aacute;n ejemplos de podas del arbolado p&uacute;blico y, la otra, el domingo 26, en el dique Potrerillos, en la que observar&aacute;n situaciones de pesca, n&aacute;utica y comportamientos respecto de&nbsp;la fauna silvestre.<\/p>\n<p>&nbsp;<\/p>\n<\/body><\/html>\n","protected":false},"excerpt":{"rendered":"La capacitaci\u00f3n apunta a la prevenci\u00f3n y el control de actividades da\u00f1inas para el ambiente.","protected":false},"author":3,"featured_media":59276,"comment_status":"open","ping_status":"open","sticky":false,"template":"","format":"standard","meta":[],"categories":[3],"tags":[],"_links":{"self":[{"href":"https:\/\/www.mendoza.gov.ar\/prensa\/wp-json\/wp\/v2\/posts\/59271"}],"collection":[{"href":"https:\/\/www.mendoza.gov.ar\/prensa\/wp-json\/wp\/v2\/posts"}],"about":[{"href":"https:\/\/www.mendoza.gov.ar\/prensa\/wp-json\/wp\/v2\/types\/post"}],"author":[{"embeddable":true,"href":"https:\/\/www.mendoza.gov.ar\/prensa\/wp-json\/wp\/v2\/users\/3"}],"replies":[{"embeddable":true,"href":"https:\/\/www.mendoza.gov.ar\/prensa\/wp-json\/wp\/v2\/comments?post=59271"}],"version-history":[{"count":0,"href":"https:\/\/www.mendoza.gov.ar\/prensa\/wp-json\/wp\/v2\/posts\/59271\/revisions"}],"wp:featuredmedia":[{"embeddable":true,"href":"https:\/\/www.mendoza.gov.ar\/prensa\/wp-json\/wp\/v2\/media\/59276"}],"wp:attachment":[{"href":"https:\/\/www.mendoza.gov.ar\/prensa\/wp-json\/wp\/v2\/media?parent=59271"}],"wp:term":[{"taxonomy":"category","embeddable":true,"href":"https:\/\/www.mendoza.gov.ar\/prensa\/wp-json\/wp\/v2\/categories?post=59271"},{"taxonomy":"post_tag","embeddable":true,"href":"https:\/\/www.mendoza.gov.ar\/prensa\/wp-json\/wp\/v2\/tags?post=59271"}],"curies":[{"name":"wp","href":"https:\/\/api.w.org\/{rel}","templated":true}]}}