{"id":59367,"date":"2016-06-23T10:00:49","date_gmt":"2016-06-23T13:00:49","guid":{"rendered":"http:\/\/prensa.mendoza.gov.ar\/?p=59367"},"modified":"2016-06-23T10:00:49","modified_gmt":"2016-06-23T13:00:49","slug":"el-gobernador-escucho-el-proyecto-de-inversion-para-el-nuevo-hospital-de-osde","status":"publish","type":"post","link":"https:\/\/www.mendoza.gov.ar\/prensa\/el-gobernador-escucho-el-proyecto-de-inversion-para-el-nuevo-hospital-de-osde\/","title":{"rendered":"El Gobernador escuch\u00f3 el proyecto de inversi\u00f3n para el nuevo hospital de OSDE"},"content":{"rendered":"<!DOCTYPE html PUBLIC \"-\/\/W3C\/\/DTD HTML 4.0 Transitional\/\/EN\" \"http:\/\/www.w3.org\/TR\/REC-html40\/loose.dtd\">\n<html><body><p>Acompa&ntilde;ado por el ministro de Salud, Desarrollo Social y Deportes, Ruben Giacchi, el Gobernador Alfredo Cornejo particip&oacute; en&nbsp;la presentaci&oacute;n de un proyecto de inversi&oacute;n para la construcci&oacute;n de un nuevo hospital para Mendoza. La iniciativa fue gestionada por Tadeo Garc&iacute;a Zalazar, cuando Alfredo Cornejo a&uacute;n era intendente de Godoy Cruz. El proyecto forma parte de un paquete de inversiones de la Organizaci&oacute;n de Servicios Directos Empresarios&nbsp;(OSDE), en sociedad con Acci&oacute;n Social Empresaria SA (ASE), que fueron presentados al presidente Mauricio Macri.<\/p>\n<p>El sanatorio se construir&aacute; frente al parque Estaci&oacute;n Benegas, en la parte norte del barrio Flor de Cuyo, de Godoy Cruz. Se estima que la obra est&eacute; lista para licitarse en noviembre de 2016 y que concluya su construcci&oacute;n al finalizar el primer semestre de 2019. La inversi&oacute;n alcanza los 70 millones de d&oacute;lares y promover&aacute; el empleo. &ldquo;Es un aliento inversor muy importante para Mendoza por la mano de obra que se va a requerir tanto para su construcci&oacute;n como para su puesta en marcha&rdquo;, subray&oacute; Cornejo.<\/p>\n<p>&ldquo;Las autoridades vinieron a anunciar que van a realizar esta inversi&oacute;n, que tendr&aacute; un gran impacto en los servicios de salud de la provincia, pero tambi&eacute;n en Cuyo. Alentamos esta iniciativa de trabajar juntos por el salto de calidad que representar&aacute; el hospital para la salud de los mendocinos&rdquo;, detall&oacute; el mandatario.<\/p>\n<p>Giacchi destac&oacute; que &ldquo;esta iniciativa abre el camino a la descongesti&oacute;n de los efectores p&uacute;blicos, que ver&aacute;n aliviada la demanda por parte de los afiliados a algunas obras sociales. El futuro emprendimiento abarcar&aacute; sectores como neonatolog&iacute;a, obstetricia y pediatr&iacute;a, esta &uacute;ltima a&uacute;n en d&eacute;ficit en Mendoza&rdquo;. A&ntilde;adi&oacute; que &ldquo;se espera un importante aporte en lo cient&iacute;fico, tecnol&oacute;gico y en la tecnolog&iacute;a de punta que ofrecer&aacute; lo que ser&aacute; un centro de referencia para Cuyo y Chile&rdquo;.<\/p>\n<p>El ministro subray&oacute; &ldquo;el desarrollo de la atenci&oacute;n en especialidades cr&iacute;ticas a las que apunta este proyecto&rdquo;. Adem&aacute;s, indic&oacute; que el proyecto es &uacute;nico frente a la falta de inversi&oacute;n por parte de la medicina privada y puso &eacute;nfasis en que la sociedad OSDE ASE es una de las entidades que no le adeuda nada al Estado provincial. Se mostr&oacute; confiado en que el futuro sanatorio sea un factor generador de iniciativas similares del sector privado.<\/p>\n<p><strong>El proyecto<\/strong><\/p>\n<p>Los inversores, el presidente de OSDE a nivel nacional, Juan Carlos Palacios; el gerente general de OSDE Mendoza, Arturo Erize, y el titular de ASE SA, Jorge Piva,&nbsp;brindaron detalles del proyecto, que consta de una inversi&oacute;n de U$D70 millones y se levantar&aacute; en un predio de 44 mil metros cuadrados ubicado en Avenida de los Trabajadores y Perito Moreno, frente al Parque Benegas. La obra tendr&aacute; 24 mil metros cuadrados cubiertos distribuidos entre dos&nbsp;edificios.<\/p>\n<p>El edificio m&aacute;s bajo se destinar&aacute; a los sectores m&aacute;s cr&iacute;ticos como terapia intensiva y atenci&oacute;n de urgencias. Mientras&nbsp;que&nbsp;el m&aacute;s alto se destinar&aacute; principalmente a internaci&oacute;n y &aacute;rea de recuperaci&oacute;n. Contar&aacute; con una terraza parquizada para descanso y recreaci&oacute;n de los internados en contacto con sus familias.<\/p>\n<p>En la primera etapa se alcanzar&aacute; el objetivo de disponer de 8 quir&oacute;fanos, 2 salas de parto y 4 salas de preparto. En cuanto a las internaciones, se dispondr&aacute; al principio de 140 camas y se estima que posteriormente&nbsp;el servicio llegar&aacute; a tener&nbsp;200 camas en total. Estas se distribuir&aacute;n en Medicina General (80), Obstetricia (16), Pediatr&iacute;a (8), Neonatolog&iacute;a (14) y Terapia Intensiva (22).<\/p>\n<p>El lugar&nbsp;dispondr&aacute; de un helipuerto que funcionar&aacute; en combinaci&oacute;n con el aer&oacute;dromo de La Puntilla. Se lo dise&ntilde;ar&aacute; con criterios de autosustentabilidad y ecol&oacute;gicos, de gran funcionalidad y construcci&oacute;n antis&iacute;smica no evacuable, esto &uacute;ltimo con el prop&oacute;sito de contener a quienes lo necesiten en caso de cat&aacute;strofe. Se destac&oacute; finalmente el prop&oacute;sito de cuidar el ambiente y ahorrar energ&iacute;a mediante la aplicaci&oacute;n de normas LEED.<\/p>\n<\/body><\/html>\n","protected":false},"excerpt":{"rendered":"Con una inversi\u00f3n que alcanza los 70 millones de d\u00f3lares, OSDE construir\u00e1 un hospital privado en Mendoza. Se trata de un proyecto que fue gestionado por Tadeo Garc\u00eda Zalazar cuando Alfredo Cornejo era intendente de Godoy Cruz.","protected":false},"author":3,"featured_media":59368,"comment_status":"open","ping_status":"open","sticky":false,"template":"","format":"standard","meta":[],"categories":[19],"tags":[],"_links":{"self":[{"href":"https:\/\/www.mendoza.gov.ar\/prensa\/wp-json\/wp\/v2\/posts\/59367"}],"collection":[{"href":"https:\/\/www.mendoza.gov.ar\/prensa\/wp-json\/wp\/v2\/posts"}],"about":[{"href":"https:\/\/www.mendoza.gov.ar\/prensa\/wp-json\/wp\/v2\/types\/post"}],"author":[{"embeddable":true,"href":"https:\/\/www.mendoza.gov.ar\/prensa\/wp-json\/wp\/v2\/users\/3"}],"replies":[{"embeddable":true,"href":"https:\/\/www.mendoza.gov.ar\/prensa\/wp-json\/wp\/v2\/comments?post=59367"}],"version-history":[{"count":0,"href":"https:\/\/www.mendoza.gov.ar\/prensa\/wp-json\/wp\/v2\/posts\/59367\/revisions"}],"wp:featuredmedia":[{"embeddable":true,"href":"https:\/\/www.mendoza.gov.ar\/prensa\/wp-json\/wp\/v2\/media\/59368"}],"wp:attachment":[{"href":"https:\/\/www.mendoza.gov.ar\/prensa\/wp-json\/wp\/v2\/media?parent=59367"}],"wp:term":[{"taxonomy":"category","embeddable":true,"href":"https:\/\/www.mendoza.gov.ar\/prensa\/wp-json\/wp\/v2\/categories?post=59367"},{"taxonomy":"post_tag","embeddable":true,"href":"https:\/\/www.mendoza.gov.ar\/prensa\/wp-json\/wp\/v2\/tags?post=59367"}],"curies":[{"name":"wp","href":"https:\/\/api.w.org\/{rel}","templated":true}]}}