{"id":59528,"date":"2016-06-24T14:10:34","date_gmt":"2016-06-24T17:10:34","guid":{"rendered":"http:\/\/prensa.mendoza.gov.ar\/?p=59528"},"modified":"2016-06-24T14:10:34","modified_gmt":"2016-06-24T17:10:34","slug":"cornejo-mendoza-esta-reactivando-su-obra-publica","status":"publish","type":"post","link":"https:\/\/www.mendoza.gov.ar\/prensa\/cornejo-mendoza-esta-reactivando-su-obra-publica\/","title":{"rendered":"Cornejo: \u201cMendoza est\u00e1 reactivando su obra p\u00fablica\u201d"},"content":{"rendered":"<!DOCTYPE html PUBLIC \"-\/\/W3C\/\/DTD HTML 4.0 Transitional\/\/EN\" \"http:\/\/www.w3.org\/TR\/REC-html40\/loose.dtd\">\n<html><body><p>El Gobernador de la Provincia, Alfredo Cornejo, junto al ministro del Interior, Obras P&uacute;blicas y Vivienda de la Naci&oacute;n, Rogelio Frigerio, firmaron convenios para la construcci&oacute;n de viviendas y urbanizaci&oacute;n, gracias a los cuales se beneficiar&aacute;n alrededor de 4.500 familias. El monto superar&aacute; los $601 millones en una primera etapa.<\/p>\n<p>Se trata de los convenios &ldquo;Espec&iacute;fico para obras de urbanizaci&oacute;n&rdquo;, para los departamentos de Godoy Cruz, Las Heras, San Mart&iacute;n y Alvear; &nbsp;&ldquo;De urbanizaci&oacute;n y vivienda&rdquo;, para el departamento de Las Heras,&nbsp;y marco de adhesi&oacute;n al Promeba,&nbsp;para urbanizaci&oacute;n de los barrios La Favorita de Capital y San Roque de Maip&uacute;.<\/p>\n<p>Cornejo record&oacute; el legado de muchas deudas, obras paradas por falta de financiamiento y, &ldquo;lo que es peor a&uacute;n, que hab&iacute;an sido adjudicadas y nunca concretadas. Poco a poco, Mendoza est&aacute; reactivando su obra p&uacute;blica&rdquo;.<\/p>\n<p>En cuanto a los acuerdos, el Gobernador explic&oacute; que algunos de estos convenios lo financiar&aacute;, en parte, la Provincia, por eso participan todos los municipios sin distinci&oacute;n pol&iacute;tica. &ldquo;Se comenzar&aacute; con los que ya ten&iacute;an prioridad, cumpliendo de esta manera con las obligaciones que ya hab&iacute;a contra&iacute;do la gesti&oacute;n anterior&rdquo;.<\/p>\n<p>&ldquo;Nos proponemos un cambio con mayor eficacia y eficiencia, trabajando mano a mano con el Gobierno nacional, gracias a la agilidad con que est&aacute; presentando los proyectos el Instituto Provincial de la Vivienda de Mendoza, que cuenta con un excelente equipo t&eacute;cnico. La reactivaci&oacute;n de la construcci&oacute;n va a generar empleo y empleo de calidad&rdquo;, asegur&oacute; Cornejo.<\/p>\n<p>Por su parte, Frigerio reforz&oacute; la idea del trabajo conjunto y explic&oacute;: &ldquo;Nuestro objetivo es conseguir mejoras en el h&aacute;bitat de muchos municipios de la provincia&rdquo;.<\/p>\n<p>Tambi&eacute;n destac&oacute; la dignidad que conlleva la generaci&oacute;n de empleo y se&ntilde;al&oacute; que esto forma parte de la &ldquo;enorme tarea de reconstrucci&oacute;n del Estado que est&aacute; llevando adelante esta gesti&oacute;n&rdquo;.<\/p>\n<p>Asistieron al acto los intendentes de Capital, Rodolfo Su&aacute;rez; de General Alvear, Walther Marcolini; de Godoy Cruz, Tadeo Garc&iacute;a Zalazar; de Las Heras, Daniel Orozco; de Maip&uacute;, Alejandro Bermejo; de San Mart&iacute;n, Jorge Omar Gim&eacute;nez; el ministro de Econom&iacute;a, Infraestructura y Energ&iacute;a, Enrique Vaqui&eacute;,&nbsp;y el presidente Instituto Provincial de la Vivienda, Dami&aacute;n Salomone.<\/p>\n<\/body><\/html>\n","protected":false},"excerpt":{"rendered":"As\u00ed lo expres\u00f3 el Gobernador Alfredo Cornejo, quien junto al ministro del Interior, Obras P\u00fablicas y Vivienda de la Naci\u00f3n, Rogelio Frigerio, firm\u00f3 convenios espec\u00edficos para viviendas con los intendentes de varios departamentos.","protected":false},"author":3,"featured_media":59530,"comment_status":"open","ping_status":"open","sticky":false,"template":"","format":"standard","meta":[],"categories":[19],"tags":[],"_links":{"self":[{"href":"https:\/\/www.mendoza.gov.ar\/prensa\/wp-json\/wp\/v2\/posts\/59528"}],"collection":[{"href":"https:\/\/www.mendoza.gov.ar\/prensa\/wp-json\/wp\/v2\/posts"}],"about":[{"href":"https:\/\/www.mendoza.gov.ar\/prensa\/wp-json\/wp\/v2\/types\/post"}],"author":[{"embeddable":true,"href":"https:\/\/www.mendoza.gov.ar\/prensa\/wp-json\/wp\/v2\/users\/3"}],"replies":[{"embeddable":true,"href":"https:\/\/www.mendoza.gov.ar\/prensa\/wp-json\/wp\/v2\/comments?post=59528"}],"version-history":[{"count":0,"href":"https:\/\/www.mendoza.gov.ar\/prensa\/wp-json\/wp\/v2\/posts\/59528\/revisions"}],"wp:featuredmedia":[{"embeddable":true,"href":"https:\/\/www.mendoza.gov.ar\/prensa\/wp-json\/wp\/v2\/media\/59530"}],"wp:attachment":[{"href":"https:\/\/www.mendoza.gov.ar\/prensa\/wp-json\/wp\/v2\/media?parent=59528"}],"wp:term":[{"taxonomy":"category","embeddable":true,"href":"https:\/\/www.mendoza.gov.ar\/prensa\/wp-json\/wp\/v2\/categories?post=59528"},{"taxonomy":"post_tag","embeddable":true,"href":"https:\/\/www.mendoza.gov.ar\/prensa\/wp-json\/wp\/v2\/tags?post=59528"}],"curies":[{"name":"wp","href":"https:\/\/api.w.org\/{rel}","templated":true}]}}