{"id":59535,"date":"2016-06-24T14:09:41","date_gmt":"2016-06-24T17:09:41","guid":{"rendered":"http:\/\/prensa.mendoza.gov.ar\/?p=59535"},"modified":"2016-06-24T14:09:41","modified_gmt":"2016-06-24T17:09:41","slug":"nacion-y-provincia-adhirieron-al-plan-nacional-habitat-en-mendoza","status":"publish","type":"post","link":"https:\/\/www.mendoza.gov.ar\/prensa\/nacion-y-provincia-adhirieron-al-plan-nacional-habitat-en-mendoza\/","title":{"rendered":"Naci\u00f3n y Provincia adhirieron al Plan Nacional H\u00e1bitat en Mendoza"},"content":{"rendered":"<!DOCTYPE html PUBLIC \"-\/\/W3C\/\/DTD HTML 4.0 Transitional\/\/EN\" \"http:\/\/www.w3.org\/TR\/REC-html40\/loose.dtd\">\n<html><body><p>El Gobernador Alfredo Cornejo, junto al ministro del Interior, Obras P&uacute;blicas y Vivienda, Rogelio Frigerio, firmaron la&nbsp;Adhesi&oacute;n al Plan Nacional H&aacute;bitat en Mendoza. En este marco de urbanizaci&oacute;n para la provincia se incluye el barrio Cuadro Estaci&oacute;n Perdriel, donde se realiz&oacute; la presentaci&oacute;n, en la intersecci&oacute;n de calle Arizu y las v&iacute;as del tren, Luj&aacute;n de Cuyo.<\/p>\n<p>Esta primera etapa abarcar&aacute; mejoras en barrios de los departamentos de Capital, Godoy Cruz, Las Heras, Maip&uacute;, Luj&aacute;n, General Alvear y San Mart&iacute;n.<\/p>\n<p>El primer mandatario asegur&oacute; que &ldquo;la idea del Gobierno nacional y provincial es que anunciamos poco pero hacemos mucho&rdquo;, y destac&oacute;: &ldquo;Queremos ir con responsabilidad y no gastar m&aacute;s de lo que tenemos&rdquo;.<\/p>\n<p>Explic&oacute; que el tiempo de gobierno son 4 a&ntilde;os y que durante ese per&iacute;odo debe administrar el dinero de los ciudadanos, lo que exige un doble compromiso de honestidad y cuidado. &ldquo;Buscamos volcar los pocos recursos que tiene la Provincia en lo importante, como es este barrio&rdquo;.<\/p>\n<p>Por su parte, Frigerio afirm&oacute;: &ldquo;Lo que estamos haciendo en Mendoza tiene que ver con darle dignidad a la gente, a nuestra gente&rdquo;. El funcionario nacional subray&oacute; el compromiso de la Naci&oacute;n de cumplir con el primer objetivo de gobierno, que &ldquo;es disminuir la pobreza&rdquo;.<\/p>\n<p>En tanto, el intendente local, Omar De Marchi, agradeci&oacute; la voluntad y presencia de los representantes nacionales y provinciales y record&oacute; a los presentes que este convenio, que se trat&oacute; hace ya tres meses, es el primero en que Naci&oacute;n firma en materia de vivienda para Mendoza.<\/p>\n<p>Participaron en&nbsp;el encuentro los intendentes de Godoy Cruz, Tadeo Garc&iacute;a Zalazar; de Luj&aacute;n, Omar De Marchi; de Tupungato, Gustavo Soto; de Capital, Rodolfo Su&aacute;rez; de San Mart&iacute;n, Jorge Omar Gim&eacute;nez, y de La Paz, Gustavo Pinto. Desde Naci&oacute;n, junto con Frigerio, estuvieron el secretario de Vivienda y H&aacute;bitat de la Naci&oacute;n, Domingo Amaya, y la subsecretaria de H&aacute;bitat y Desarrollo Humano de la Naci&oacute;n, Marina Klemensiewicz.<\/p>\n<\/body><\/html>\n","protected":false},"excerpt":{"rendered":"En esta primera etapa abarcar\u00e1 mejoras de urbanizaci\u00f3n en siete departamentos: Capital, Godoy Cruz, Las Heras, Maip\u00fa, Luj\u00e1n, General Alvear y San Mart\u00edn.","protected":false},"author":3,"featured_media":59565,"comment_status":"open","ping_status":"open","sticky":false,"template":"","format":"standard","meta":[],"categories":[19],"tags":[],"_links":{"self":[{"href":"https:\/\/www.mendoza.gov.ar\/prensa\/wp-json\/wp\/v2\/posts\/59535"}],"collection":[{"href":"https:\/\/www.mendoza.gov.ar\/prensa\/wp-json\/wp\/v2\/posts"}],"about":[{"href":"https:\/\/www.mendoza.gov.ar\/prensa\/wp-json\/wp\/v2\/types\/post"}],"author":[{"embeddable":true,"href":"https:\/\/www.mendoza.gov.ar\/prensa\/wp-json\/wp\/v2\/users\/3"}],"replies":[{"embeddable":true,"href":"https:\/\/www.mendoza.gov.ar\/prensa\/wp-json\/wp\/v2\/comments?post=59535"}],"version-history":[{"count":0,"href":"https:\/\/www.mendoza.gov.ar\/prensa\/wp-json\/wp\/v2\/posts\/59535\/revisions"}],"wp:featuredmedia":[{"embeddable":true,"href":"https:\/\/www.mendoza.gov.ar\/prensa\/wp-json\/wp\/v2\/media\/59565"}],"wp:attachment":[{"href":"https:\/\/www.mendoza.gov.ar\/prensa\/wp-json\/wp\/v2\/media?parent=59535"}],"wp:term":[{"taxonomy":"category","embeddable":true,"href":"https:\/\/www.mendoza.gov.ar\/prensa\/wp-json\/wp\/v2\/categories?post=59535"},{"taxonomy":"post_tag","embeddable":true,"href":"https:\/\/www.mendoza.gov.ar\/prensa\/wp-json\/wp\/v2\/tags?post=59535"}],"curies":[{"name":"wp","href":"https:\/\/api.w.org\/{rel}","templated":true}]}}