{"id":59566,"date":"2016-06-26T14:08:33","date_gmt":"2016-06-26T17:08:33","guid":{"rendered":"http:\/\/prensa.mendoza.gov.ar\/?p=59566"},"modified":"2016-06-26T14:08:33","modified_gmt":"2016-06-26T17:08:33","slug":"seguridad-vial-se-capacitara-a-todos-los-policias-de-mendoza","status":"publish","type":"post","link":"https:\/\/www.mendoza.gov.ar\/prensa\/seguridad-vial-se-capacitara-a-todos-los-policias-de-mendoza\/","title":{"rendered":"Seguridad Vial: se capacitar\u00e1 a todos los polic\u00edas de Mendoza"},"content":{"rendered":"<!DOCTYPE html PUBLIC \"-\/\/W3C\/\/DTD HTML 4.0 Transitional\/\/EN\" \"http:\/\/www.w3.org\/TR\/REC-html40\/loose.dtd\">\n<html><body><div id=\":zq\" class=\"ii gt adP adO\">\n<div id=\":12p\" class=\"a3s aXjCH m1558350a1f274cc3\">\n<div dir=\"ltr\">\n<div>\n<div>\n<div>\n<div dir=\"ltr\">\n<div>\n<div>\n<p>Este lunes comenzar&aacute;&nbsp;un curso de&nbsp;capacitaci&oacute;n destinado a todos los polic&iacute;as de la provincia que intervienen en controles viales. Se apunta a fortalecer y unificar las capacidades operacionales y a&nbsp;promover y potenciar la actitud, el compromiso y la transparencia de los agentes&nbsp;que realizan&nbsp;procedimientos de fiscalizaci&oacute;n y control en su car&aacute;cter de funcionarios p&uacute;blicos, en el marco del respeto y la convivencia ciudadana.<\/p>\n<p>La capacitaci&oacute;n estar&aacute; a cargo del Centro de Formaci&oacute;n de Pol&iacute;ticas y Gesti&oacute;n de Seguridad Vial, dependiente de la Agencia Nacional de Seguridad Vial, con la colaboraci&oacute;n de la Secretar&iacute;a de Servicios P&uacute;blicos y del Ministerio de Seguridad.<\/p>\n<p>El curso se realizar&aacute; en varias&nbsp;zonas de Mendoza. La apertura ser&aacute; este lunes 27 de junio, a las 9, en la Biblioteca + Mediateca de Godoy Cruz (Tomba 54). Luego ir&aacute; rotando por el Este, el&nbsp;Valle de Uco y la Zona Sur.<\/p>\n<p>La metodolog&iacute;a que se aplicar&aacute; ser&aacute; te&oacute;rico-pr&aacute;ctica, con la simulaci&oacute;n de un operativo de control en la v&iacute;a p&uacute;blica una vez finalizada la capacitaci&oacute;n.<\/p>\n<div class=\"yj6qo\"><\/div>\n<\/div>\n<\/div>\n<\/div>\n<\/div>\n<\/div>\n<\/div>\n<\/div>\n<\/div>\n<\/div>\n<div id=\":10q\" class=\"hq gt\"><\/div>\n<\/body><\/html>\n","protected":false},"excerpt":{"rendered":"Comienza la pr\u00f3xima semana y est\u00e1 a cargo de la Agencia de Seguridad Vial de la Naci\u00f3n, junto con la Secretar\u00eda de Servicios P\u00fablicos y del Ministerio de Seguridad. El objetivo es que los agentes que intervienen en el control vial puedan realizar de forma adecuada los procedimientos, para proteger su propia integridad y la de los ciudadanos.","protected":false},"author":3,"featured_media":59567,"comment_status":"open","ping_status":"open","sticky":false,"template":"","format":"standard","meta":[],"categories":[33,34],"tags":[],"_links":{"self":[{"href":"https:\/\/www.mendoza.gov.ar\/prensa\/wp-json\/wp\/v2\/posts\/59566"}],"collection":[{"href":"https:\/\/www.mendoza.gov.ar\/prensa\/wp-json\/wp\/v2\/posts"}],"about":[{"href":"https:\/\/www.mendoza.gov.ar\/prensa\/wp-json\/wp\/v2\/types\/post"}],"author":[{"embeddable":true,"href":"https:\/\/www.mendoza.gov.ar\/prensa\/wp-json\/wp\/v2\/users\/3"}],"replies":[{"embeddable":true,"href":"https:\/\/www.mendoza.gov.ar\/prensa\/wp-json\/wp\/v2\/comments?post=59566"}],"version-history":[{"count":0,"href":"https:\/\/www.mendoza.gov.ar\/prensa\/wp-json\/wp\/v2\/posts\/59566\/revisions"}],"wp:featuredmedia":[{"embeddable":true,"href":"https:\/\/www.mendoza.gov.ar\/prensa\/wp-json\/wp\/v2\/media\/59567"}],"wp:attachment":[{"href":"https:\/\/www.mendoza.gov.ar\/prensa\/wp-json\/wp\/v2\/media?parent=59566"}],"wp:term":[{"taxonomy":"category","embeddable":true,"href":"https:\/\/www.mendoza.gov.ar\/prensa\/wp-json\/wp\/v2\/categories?post=59566"},{"taxonomy":"post_tag","embeddable":true,"href":"https:\/\/www.mendoza.gov.ar\/prensa\/wp-json\/wp\/v2\/tags?post=59566"}],"curies":[{"name":"wp","href":"https:\/\/api.w.org\/{rel}","templated":true}]}}